{"id":1050,"date":"2021-07-22T12:26:01","date_gmt":"2021-07-22T10:26:01","guid":{"rendered":"http:\/\/www.mtv-in.de\/fechten\/?p=1050"},"modified":"2021-07-22T12:26:01","modified_gmt":"2021-07-22T10:26:01","slug":"neuwahlen-beim-mtv-ingolstadt-fechten","status":"publish","type":"post","link":"https:\/\/www.mtv-in.de\/fechten\/2021\/07\/neuwahlen-beim-mtv-ingolstadt-fechten\/","title":{"rendered":"Neuwahlen beim\u00a0MTV Ingolstadt Fechten"},"content":{"rendered":"<p>Neue Abteilungsleiterin ist Heike D\u00fctsch mit Stellvertreter Cedric Arzul.<\/p>\n<p>Sven Godau wird f\u00fcr die jahrzehntelange T\u00e4tigkeit als Ehren-Abteilungsleiter ernannt.<\/p>\n<p>Dirk Marko (Kassier), Kevin Nieporte (Schriftf\u00fchrer), Stefan Koppenhofer (Jugendleiter), Arno Steinbinder (Waffenwart) und Fotios\u00a0Katsilieris (Materialwart) wurden einstimmig wiedergew\u00e4hlt.<\/p>\n<div>\n<p>Wir w\u00fcnschen der neuen Vorstandschaft gutes Gelingen in ihrer Amtszeit\u00a0\u270a<\/p>\n<p><a href=\"https:\/\/deref-gmx.net\/mail\/client\/Y8uPk9lpLbs\/dereferrer\/?redirectUrl=https%3A%2F%2Fwww.facebook.com%2Fhashtag%2Fzusammenzumziel%3F__eep__%3D6%26source%3Dfeed_text%26epa%3DHASHTAG%26__xts__%255B0%255D%3D68.ARAS-K4OWyMcV-NVkkM5yHvATeMh-dY4dSQF_VuJlzQpkZ6Fy12xrCqTMT_K_8z6unvjNSvP0vbpBiaexzJAyAKWMFHoG3QovJ4N5CFsfA3y7ZSJqFKINxppsnMuQxCBsWWvKH9G0WruHeDNc1gzCSw5w9rjwaaIHigXuVlxNiR-ugE3Ab_nubRndAkYydi4VaoMJIQNaVOiNI3bvikr_GSm9DyBBbf9J9hN25vHwcW_qfEefgOIVDnm9M6jAhtdaFf_846fECqRpZouqsuSsuYb2reKk-9vtgFCIw-dVFg9XhG_gJfd-2g%26__tn__%3D%252ANK-R\" target=\"_blank\" rel=\"noopener noreferrer\">#zusammenzumZiel<\/a>\u00a0<a href=\"https:\/\/deref-gmx.net\/mail\/client\/HdoipT2Fluo\/dereferrer\/?redirectUrl=https%3A%2F%2Fwww.facebook.com%2Fhashtag%2Fmehralseinverein%3F__eep__%3D6%26source%3Dfeed_text%26epa%3DHASHTAG%26__xts__%255B0%255D%3D68.ARAS-K4OWyMcV-NVkkM5yHvATeMh-dY4dSQF_VuJlzQpkZ6Fy12xrCqTMT_K_8z6unvjNSvP0vbpBiaexzJAyAKWMFHoG3QovJ4N5CFsfA3y7ZSJqFKINxppsnMuQxCBsWWvKH9G0WruHeDNc1gzCSw5w9rjwaaIHigXuVlxNiR-ugE3Ab_nubRndAkYydi4VaoMJIQNaVOiNI3bvikr_GSm9DyBBbf9J9hN25vHwcW_qfEefgOIVDnm9M6jAhtdaFf_846fECqRpZouqsuSsuYb2reKk-9vtgFCIw-dVFg9XhG_gJfd-2g%26__tn__%3D%252ANK-R\" target=\"_blank\" rel=\"noopener noreferrer\">#mehralseinVerein<\/a>\u00a0<a href=\"https:\/\/deref-gmx.net\/mail\/client\/DH67JxBq-oU\/dereferrer\/?redirectUrl=https%3A%2F%2Fwww.facebook.com%2Fhashtag%2Fneuwahl%3F__eep__%3D6%26source%3Dfeed_text%26epa%3DHASHTAG%26__xts__%255B0%255D%3D68.ARAS-K4OWyMcV-NVkkM5yHvATeMh-dY4dSQF_VuJlzQpkZ6Fy12xrCqTMT_K_8z6unvjNSvP0vbpBiaexzJAyAKWMFHoG3QovJ4N5CFsfA3y7ZSJqFKINxppsnMuQxCBsWWvKH9G0WruHeDNc1gzCSw5w9rjwaaIHigXuVlxNiR-ugE3Ab_nubRndAkYydi4VaoMJIQNaVOiNI3bvikr_GSm9DyBBbf9J9hN25vHwcW_qfEefgOIVDnm9M6jAhtdaFf_846fECqRpZouqsuSsuYb2reKk-9vtgFCIw-dVFg9XhG_gJfd-2g%26__tn__%3D%252ANK-R\" target=\"_blank\" rel=\"noopener noreferrer\">#Neuwahl<\/a><\/p>\n<\/div>\n","protected":false},"excerpt":{"rendered":"<p>Neue Abteilungsleiterin ist Heike D\u00fctsch mit Stellvertreter Cedric Arzul. Sven Godau wird f\u00fcr die jahrzehntelange T\u00e4tigkeit als Ehren-Abteilungsleiter ernannt. Dirk Marko (Kassier), Kevin Nieporte (Schriftf\u00fchrer), Stefan Koppenhofer (Jugendleiter), Arno Steinbinder (Waffenwart) und Fotios\u00a0Katsilieris (Materialwart) wurden einstimmig wiedergew\u00e4hlt. Wir w\u00fcnschen der neuen Vorstandschaft gutes Gelingen in ihrer Amtszeit\u00a0\u270a #zusammenzumZiel\u00a0#mehralseinVerein\u00a0#Neuwahl<\/p>\n","protected":false},"author":305,"featured_media":0,"comment_status":"closed","ping_status":"closed","sticky":false,"template":"","format":"standard","meta":{"footnotes":""},"categories":[1],"tags":[],"class_list":["post-1050","post","type-post","status-publish","format-standard","hentry","category-allgemein"],"_links":{"self":[{"href":"https:\/\/www.mtv-in.de\/fechten\/wp-json\/wp\/v2\/posts\/1050","targetHints":{"allow":["GET"]}}],"collection":[{"href":"https:\/\/www.mtv-in.de\/fechten\/wp-json\/wp\/v2\/posts"}],"about":[{"href":"https:\/\/www.mtv-in.de\/fechten\/wp-json\/wp\/v2\/types\/post"}],"author":[{"embeddable":true,"href":"https:\/\/www.mtv-in.de\/fechten\/wp-json\/wp\/v2\/users\/305"}],"replies":[{"embeddable":true,"href":"https:\/\/www.mtv-in.de\/fechten\/wp-json\/wp\/v2\/comments?post=1050"}],"version-history":[{"count":1,"href":"https:\/\/www.mtv-in.de\/fechten\/wp-json\/wp\/v2\/posts\/1050\/revisions"}],"predecessor-version":[{"id":1051,"href":"https:\/\/www.mtv-in.de\/fechten\/wp-json\/wp\/v2\/posts\/1050\/revisions\/1051"}],"wp:attachment":[{"href":"https:\/\/www.mtv-in.de\/fechten\/wp-json\/wp\/v2\/media?parent=1050"}],"wp:term":[{"taxonomy":"category","embeddable":true,"href":"https:\/\/www.mtv-in.de\/fechten\/wp-json\/wp\/v2\/categories?post=1050"},{"taxonomy":"post_tag","embeddable":true,"href":"https:\/\/www.mtv-in.de\/fechten\/wp-json\/wp\/v2\/tags?post=1050"}],"curies":[{"name":"wp","href":"https:\/\/api.w.org\/{rel}","templated":true}]}}