{"id":1126,"date":"2022-05-11T13:48:09","date_gmt":"2022-05-11T11:48:09","guid":{"rendered":"http:\/\/www.mtv-in.de\/fechten\/?p=1126"},"modified":"2022-05-11T13:48:09","modified_gmt":"2022-05-11T11:48:09","slug":"deutsche-meisterschaft-u20-degen","status":"publish","type":"post","link":"https:\/\/www.mtv-in.de\/fechten\/2022\/05\/deutsche-meisterschaft-u20-degen\/","title":{"rendered":"Deutsche Meisterschaft U20 Degen"},"content":{"rendered":"<div class=\"kvgmc6g5 cxmmr5t8 oygrvhab hcukyx3x c1et5uql ii04i59q\">\n<div dir=\"auto\">Dieses Wochenende fand beim <a class=\"oajrlxb2 g5ia77u1 qu0x051f esr5mh6w e9989ue4 r7d6kgcz rq0escxv nhd2j8a9 nc684nl6 p7hjln8o kvgmc6g5 cxmmr5t8 oygrvhab hcukyx3x jb3vyjys rz4wbd8a qt6c0cv9 a8nywdso i1ao9s8h esuyzwwr f1sip0of lzcic4wl gpro0wi8 q66pz984 b1v8xokw\" href=\"https:\/\/www.facebook.com\/Fechtclub-Offenbach-162565613776275\/?__cft__[0]=AZUjyyLcBY2LIDDSA_eVrP5Ifr191vf3WDAULXRiUS7ArF8H1txJpUBMJZWNpmbLWnzygDx3tvdX8cTc0AyuHO8jnFirt7WegPpC5MHyNO9YaHBEBGCL4AAeMUWHCikwhv7xPK8yA9As7NdusX-mSVah8j_dWfVNawgx-GRXsYX9uhzNwIAc1987TrBQ9SPpWts&amp;__tn__=kK-R\"><span class=\"nc684nl6\">Fechtclub Offenbach<\/span><\/a> die Deutsche Meisterschaft U20 Degen statt.<\/div>\n<\/div>\n<div class=\"cxmmr5t8 oygrvhab hcukyx3x c1et5uql o9v6fnle ii04i59q\">\n<div dir=\"auto\">Das erste mal seit Jahrzehnten durften wir mit einer Mannschaft starten. Im Einzel qualifizierten sich zwei MTVler.<\/div>\n<\/div>\n<div class=\"cxmmr5t8 oygrvhab hcukyx3x c1et5uql o9v6fnle ii04i59q\">\n<div dir=\"auto\">Sportlich reicht&#8217;s heuer noch nicht f\u00fcr vordere Pl\u00e4tze.<\/div>\n<\/div>\n<div class=\"cxmmr5t8 oygrvhab hcukyx3x c1et5uql o9v6fnle ii04i59q\">\n<div dir=\"auto\">Als n\u00e4chstes geht&#8217;s nach R\u00fcsselsheim zur U17 DM.<\/div>\n<\/div>\n<div class=\"cxmmr5t8 oygrvhab hcukyx3x c1et5uql o9v6fnle ii04i59q\">\n<div dir=\"auto\"><a class=\"oajrlxb2 g5ia77u1 qu0x051f esr5mh6w e9989ue4 r7d6kgcz rq0escxv nhd2j8a9 nc684nl6 p7hjln8o kvgmc6g5 cxmmr5t8 oygrvhab hcukyx3x jb3vyjys rz4wbd8a qt6c0cv9 a8nywdso i1ao9s8h esuyzwwr f1sip0of lzcic4wl gpro0wi8 q66pz984 b1v8xokw\" href=\"https:\/\/www.facebook.com\/mtvIN1881\/?__cft__[0]=AZUjyyLcBY2LIDDSA_eVrP5Ifr191vf3WDAULXRiUS7ArF8H1txJpUBMJZWNpmbLWnzygDx3tvdX8cTc0AyuHO8jnFirt7WegPpC5MHyNO9YaHBEBGCL4AAeMUWHCikwhv7xPK8yA9As7NdusX-mSVah8j_dWfVNawgx-GRXsYX9uhzNwIAc1987TrBQ9SPpWts&amp;__tn__=kK-R\"><span class=\"nc684nl6\">MTV Ingolstadt 1881 e.V.<\/span><\/a><\/div>\n<div dir=\"auto\"><a class=\"oajrlxb2 g5ia77u1 qu0x051f esr5mh6w e9989ue4 r7d6kgcz rq0escxv nhd2j8a9 nc684nl6 p7hjln8o kvgmc6g5 cxmmr5t8 oygrvhab hcukyx3x jb3vyjys rz4wbd8a qt6c0cv9 a8nywdso i1ao9s8h esuyzwwr f1sip0of lzcic4wl gpro0wi8 q66pz984 b1v8xokw\" href=\"https:\/\/www.facebook.com\/hashtag\/deutschemeisterschaft?__eep__=6&amp;__cft__[0]=AZUjyyLcBY2LIDDSA_eVrP5Ifr191vf3WDAULXRiUS7ArF8H1txJpUBMJZWNpmbLWnzygDx3tvdX8cTc0AyuHO8jnFirt7WegPpC5MHyNO9YaHBEBGCL4AAeMUWHCikwhv7xPK8yA9As7NdusX-mSVah8j_dWfVNawgx-GRXsYX9uhzNwIAc1987TrBQ9SPpWts&amp;__tn__=*NK-R\">#deutschemeisterschaft<\/a> <a class=\"oajrlxb2 g5ia77u1 qu0x051f esr5mh6w e9989ue4 r7d6kgcz rq0escxv nhd2j8a9 nc684nl6 p7hjln8o kvgmc6g5 cxmmr5t8 oygrvhab hcukyx3x jb3vyjys rz4wbd8a qt6c0cv9 a8nywdso i1ao9s8h esuyzwwr f1sip0of lzcic4wl gpro0wi8 q66pz984 b1v8xokw\" href=\"https:\/\/www.facebook.com\/hashtag\/meisterschaft?__eep__=6&amp;__cft__[0]=AZUjyyLcBY2LIDDSA_eVrP5Ifr191vf3WDAULXRiUS7ArF8H1txJpUBMJZWNpmbLWnzygDx3tvdX8cTc0AyuHO8jnFirt7WegPpC5MHyNO9YaHBEBGCL4AAeMUWHCikwhv7xPK8yA9As7NdusX-mSVah8j_dWfVNawgx-GRXsYX9uhzNwIAc1987TrBQ9SPpWts&amp;__tn__=*NK-R\">#meisterschaft<\/a> <a class=\"oajrlxb2 g5ia77u1 qu0x051f esr5mh6w e9989ue4 r7d6kgcz rq0escxv nhd2j8a9 nc684nl6 p7hjln8o kvgmc6g5 cxmmr5t8 oygrvhab hcukyx3x jb3vyjys rz4wbd8a qt6c0cv9 a8nywdso i1ao9s8h esuyzwwr f1sip0of lzcic4wl gpro0wi8 q66pz984 b1v8xokw\" href=\"https:\/\/www.facebook.com\/hashtag\/fechten?__eep__=6&amp;__cft__[0]=AZUjyyLcBY2LIDDSA_eVrP5Ifr191vf3WDAULXRiUS7ArF8H1txJpUBMJZWNpmbLWnzygDx3tvdX8cTc0AyuHO8jnFirt7WegPpC5MHyNO9YaHBEBGCL4AAeMUWHCikwhv7xPK8yA9As7NdusX-mSVah8j_dWfVNawgx-GRXsYX9uhzNwIAc1987TrBQ9SPpWts&amp;__tn__=*NK-R\">#fechten<\/a> <a class=\"oajrlxb2 g5ia77u1 qu0x051f esr5mh6w e9989ue4 r7d6kgcz rq0escxv nhd2j8a9 nc684nl6 p7hjln8o kvgmc6g5 cxmmr5t8 oygrvhab hcukyx3x jb3vyjys rz4wbd8a qt6c0cv9 a8nywdso i1ao9s8h esuyzwwr f1sip0of lzcic4wl gpro0wi8 q66pz984 b1v8xokw\" href=\"https:\/\/www.facebook.com\/hashtag\/degen?__eep__=6&amp;__cft__[0]=AZUjyyLcBY2LIDDSA_eVrP5Ifr191vf3WDAULXRiUS7ArF8H1txJpUBMJZWNpmbLWnzygDx3tvdX8cTc0AyuHO8jnFirt7WegPpC5MHyNO9YaHBEBGCL4AAeMUWHCikwhv7xPK8yA9As7NdusX-mSVah8j_dWfVNawgx-GRXsYX9uhzNwIAc1987TrBQ9SPpWts&amp;__tn__=*NK-R\">#degen<\/a> <a class=\"oajrlxb2 g5ia77u1 qu0x051f esr5mh6w e9989ue4 r7d6kgcz rq0escxv nhd2j8a9 nc684nl6 p7hjln8o kvgmc6g5 cxmmr5t8 oygrvhab hcukyx3x jb3vyjys rz4wbd8a qt6c0cv9 a8nywdso i1ao9s8h esuyzwwr f1sip0of lzcic4wl gpro0wi8 q66pz984 b1v8xokw\" href=\"https:\/\/www.facebook.com\/hashtag\/jugend?__eep__=6&amp;__cft__[0]=AZUjyyLcBY2LIDDSA_eVrP5Ifr191vf3WDAULXRiUS7ArF8H1txJpUBMJZWNpmbLWnzygDx3tvdX8cTc0AyuHO8jnFirt7WegPpC5MHyNO9YaHBEBGCL4AAeMUWHCikwhv7xPK8yA9As7NdusX-mSVah8j_dWfVNawgx-GRXsYX9uhzNwIAc1987TrBQ9SPpWts&amp;__tn__=*NK-R\">#jugend<\/a> <a class=\"oajrlxb2 g5ia77u1 qu0x051f esr5mh6w e9989ue4 r7d6kgcz rq0escxv nhd2j8a9 nc684nl6 p7hjln8o kvgmc6g5 cxmmr5t8 oygrvhab hcukyx3x jb3vyjys rz4wbd8a qt6c0cv9 a8nywdso i1ao9s8h esuyzwwr f1sip0of lzcic4wl gpro0wi8 q66pz984 b1v8xokw\" href=\"https:\/\/www.facebook.com\/hashtag\/u20?__eep__=6&amp;__cft__[0]=AZUjyyLcBY2LIDDSA_eVrP5Ifr191vf3WDAULXRiUS7ArF8H1txJpUBMJZWNpmbLWnzygDx3tvdX8cTc0AyuHO8jnFirt7WegPpC5MHyNO9YaHBEBGCL4AAeMUWHCikwhv7xPK8yA9As7NdusX-mSVah8j_dWfVNawgx-GRXsYX9uhzNwIAc1987TrBQ9SPpWts&amp;__tn__=*NK-R\">#u20<\/a> <a class=\"oajrlxb2 g5ia77u1 qu0x051f esr5mh6w e9989ue4 r7d6kgcz rq0escxv nhd2j8a9 nc684nl6 p7hjln8o kvgmc6g5 cxmmr5t8 oygrvhab hcukyx3x jb3vyjys rz4wbd8a qt6c0cv9 a8nywdso i1ao9s8h esuyzwwr f1sip0of lzcic4wl gpro0wi8 q66pz984 b1v8xokw\" href=\"https:\/\/www.facebook.com\/hashtag\/offenbach?__eep__=6&amp;__cft__[0]=AZUjyyLcBY2LIDDSA_eVrP5Ifr191vf3WDAULXRiUS7ArF8H1txJpUBMJZWNpmbLWnzygDx3tvdX8cTc0AyuHO8jnFirt7WegPpC5MHyNO9YaHBEBGCL4AAeMUWHCikwhv7xPK8yA9As7NdusX-mSVah8j_dWfVNawgx-GRXsYX9uhzNwIAc1987TrBQ9SPpWts&amp;__tn__=*NK-R\">#offenbach<\/a> <a class=\"oajrlxb2 g5ia77u1 qu0x051f esr5mh6w e9989ue4 r7d6kgcz rq0escxv nhd2j8a9 nc684nl6 p7hjln8o kvgmc6g5 cxmmr5t8 oygrvhab hcukyx3x jb3vyjys rz4wbd8a qt6c0cv9 a8nywdso i1ao9s8h esuyzwwr f1sip0of lzcic4wl gpro0wi8 q66pz984 b1v8xokw\" href=\"https:\/\/www.facebook.com\/hashtag\/mannschaft?__eep__=6&amp;__cft__[0]=AZUjyyLcBY2LIDDSA_eVrP5Ifr191vf3WDAULXRiUS7ArF8H1txJpUBMJZWNpmbLWnzygDx3tvdX8cTc0AyuHO8jnFirt7WegPpC5MHyNO9YaHBEBGCL4AAeMUWHCikwhv7xPK8yA9As7NdusX-mSVah8j_dWfVNawgx-GRXsYX9uhzNwIAc1987TrBQ9SPpWts&amp;__tn__=*NK-R\">#mannschaft<\/a> <a class=\"oajrlxb2 g5ia77u1 qu0x051f esr5mh6w e9989ue4 r7d6kgcz rq0escxv nhd2j8a9 nc684nl6 p7hjln8o kvgmc6g5 cxmmr5t8 oygrvhab hcukyx3x jb3vyjys rz4wbd8a qt6c0cv9 a8nywdso i1ao9s8h esuyzwwr f1sip0of lzcic4wl gpro0wi8 q66pz984 b1v8xokw\" href=\"https:\/\/www.facebook.com\/hashtag\/einzel?__eep__=6&amp;__cft__[0]=AZUjyyLcBY2LIDDSA_eVrP5Ifr191vf3WDAULXRiUS7ArF8H1txJpUBMJZWNpmbLWnzygDx3tvdX8cTc0AyuHO8jnFirt7WegPpC5MHyNO9YaHBEBGCL4AAeMUWHCikwhv7xPK8yA9As7NdusX-mSVah8j_dWfVNawgx-GRXsYX9uhzNwIAc1987TrBQ9SPpWts&amp;__tn__=*NK-R\">#einzel<\/a> <a class=\"oajrlxb2 g5ia77u1 qu0x051f esr5mh6w e9989ue4 r7d6kgcz rq0escxv nhd2j8a9 nc684nl6 p7hjln8o kvgmc6g5 cxmmr5t8 oygrvhab hcukyx3x jb3vyjys rz4wbd8a qt6c0cv9 a8nywdso i1ao9s8h esuyzwwr f1sip0of lzcic4wl gpro0wi8 q66pz984 b1v8xokw\" href=\"https:\/\/www.facebook.com\/hashtag\/ingolstadt?__eep__=6&amp;__cft__[0]=AZUjyyLcBY2LIDDSA_eVrP5Ifr191vf3WDAULXRiUS7ArF8H1txJpUBMJZWNpmbLWnzygDx3tvdX8cTc0AyuHO8jnFirt7WegPpC5MHyNO9YaHBEBGCL4AAeMUWHCikwhv7xPK8yA9As7NdusX-mSVah8j_dWfVNawgx-GRXsYX9uhzNwIAc1987TrBQ9SPpWts&amp;__tn__=*NK-R\">#ingolstadt<\/a> <a class=\"oajrlxb2 g5ia77u1 qu0x051f esr5mh6w e9989ue4 r7d6kgcz rq0escxv nhd2j8a9 nc684nl6 p7hjln8o kvgmc6g5 cxmmr5t8 oygrvhab hcukyx3x jb3vyjys rz4wbd8a qt6c0cv9 a8nywdso i1ao9s8h esuyzwwr f1sip0of lzcic4wl gpro0wi8 q66pz984 b1v8xokw\" href=\"https:\/\/www.facebook.com\/hashtag\/schanzer?__eep__=6&amp;__cft__[0]=AZUjyyLcBY2LIDDSA_eVrP5Ifr191vf3WDAULXRiUS7ArF8H1txJpUBMJZWNpmbLWnzygDx3tvdX8cTc0AyuHO8jnFirt7WegPpC5MHyNO9YaHBEBGCL4AAeMUWHCikwhv7xPK8yA9As7NdusX-mSVah8j_dWfVNawgx-GRXsYX9uhzNwIAc1987TrBQ9SPpWts&amp;__tn__=*NK-R\">#schanzer<\/a> <a class=\"oajrlxb2 g5ia77u1 qu0x051f esr5mh6w e9989ue4 r7d6kgcz rq0escxv nhd2j8a9 nc684nl6 p7hjln8o kvgmc6g5 cxmmr5t8 oygrvhab hcukyx3x jb3vyjys rz4wbd8a qt6c0cv9 a8nywdso i1ao9s8h esuyzwwr f1sip0of lzcic4wl gpro0wi8 q66pz984 b1v8xokw\" href=\"https:\/\/www.facebook.com\/hashtag\/mtvingolstadt?__eep__=6&amp;__cft__[0]=AZUjyyLcBY2LIDDSA_eVrP5Ifr191vf3WDAULXRiUS7ArF8H1txJpUBMJZWNpmbLWnzygDx3tvdX8cTc0AyuHO8jnFirt7WegPpC5MHyNO9YaHBEBGCL4AAeMUWHCikwhv7xPK8yA9As7NdusX-mSVah8j_dWfVNawgx-GRXsYX9uhzNwIAc1987TrBQ9SPpWts&amp;__tn__=*NK-R\">#mtvingolstadt<\/a> <a class=\"oajrlxb2 g5ia77u1 qu0x051f esr5mh6w e9989ue4 r7d6kgcz rq0escxv nhd2j8a9 nc684nl6 p7hjln8o kvgmc6g5 cxmmr5t8 oygrvhab hcukyx3x jb3vyjys rz4wbd8a qt6c0cv9 a8nywdso i1ao9s8h esuyzwwr f1sip0of lzcic4wl gpro0wi8 q66pz984 b1v8xokw\" href=\"https:\/\/www.facebook.com\/hashtag\/mehralseinverein?__eep__=6&amp;__cft__[0]=AZUjyyLcBY2LIDDSA_eVrP5Ifr191vf3WDAULXRiUS7ArF8H1txJpUBMJZWNpmbLWnzygDx3tvdX8cTc0AyuHO8jnFirt7WegPpC5MHyNO9YaHBEBGCL4AAeMUWHCikwhv7xPK8yA9As7NdusX-mSVah8j_dWfVNawgx-GRXsYX9uhzNwIAc1987TrBQ9SPpWts&amp;__tn__=*NK-R\">#mehralseinverein<\/a><a href=\"https:\/\/www.mtv-in.de\/fechten\/files\/2022\/05\/278844509_3233753043525369_8874483704459835982_n.jpg\"><img loading=\"lazy\" decoding=\"async\" class=\"alignnone size-medium wp-image-1127\" src=\"https:\/\/www.mtv-in.de\/fechten\/files\/2022\/05\/278844509_3233753043525369_8874483704459835982_n-300x300.jpg\" alt=\"\" width=\"300\" height=\"300\" srcset=\"https:\/\/www.mtv-in.de\/fechten\/files\/2022\/05\/278844509_3233753043525369_8874483704459835982_n-300x300.jpg 300w, https:\/\/www.mtv-in.de\/fechten\/files\/2022\/05\/278844509_3233753043525369_8874483704459835982_n-150x150.jpg 150w, https:\/\/www.mtv-in.de\/fechten\/files\/2022\/05\/278844509_3233753043525369_8874483704459835982_n-768x768.jpg 768w, https:\/\/www.mtv-in.de\/fechten\/files\/2022\/05\/278844509_3233753043525369_8874483704459835982_n-1024x1024.jpg 1024w, https:\/\/www.mtv-in.de\/fechten\/files\/2022\/05\/278844509_3233753043525369_8874483704459835982_n.jpg 1080w\" sizes=\"auto, (max-width: 300px) 100vw, 300px\" \/><\/a><\/div>\n<\/div>\n","protected":false},"excerpt":{"rendered":"<p>Dieses Wochenende fand beim Fechtclub Offenbach die Deutsche Meisterschaft U20 Degen statt. Das erste mal seit Jahrzehnten durften wir mit einer Mannschaft starten. Im Einzel qualifizierten sich zwei MTVler. Sportlich reicht&#8217;s heuer noch nicht f\u00fcr vordere Pl\u00e4tze. Als n\u00e4chstes geht&#8217;s nach R\u00fcsselsheim zur U17 DM. MTV Ingolstadt 1881 e.V. #deutschemeisterschaft #meisterschaft #fechten #degen #jugend #u20 [&hellip;]<\/p>\n","protected":false},"author":305,"featured_media":0,"comment_status":"closed","ping_status":"closed","sticky":false,"template":"","format":"standard","meta":{"footnotes":""},"categories":[1],"tags":[],"class_list":["post-1126","post","type-post","status-publish","format-standard","hentry","category-allgemein"],"_links":{"self":[{"href":"https:\/\/www.mtv-in.de\/fechten\/wp-json\/wp\/v2\/posts\/1126","targetHints":{"allow":["GET"]}}],"collection":[{"href":"https:\/\/www.mtv-in.de\/fechten\/wp-json\/wp\/v2\/posts"}],"about":[{"href":"https:\/\/www.mtv-in.de\/fechten\/wp-json\/wp\/v2\/types\/post"}],"author":[{"embeddable":true,"href":"https:\/\/www.mtv-in.de\/fechten\/wp-json\/wp\/v2\/users\/305"}],"replies":[{"embeddable":true,"href":"https:\/\/www.mtv-in.de\/fechten\/wp-json\/wp\/v2\/comments?post=1126"}],"version-history":[{"count":1,"href":"https:\/\/www.mtv-in.de\/fechten\/wp-json\/wp\/v2\/posts\/1126\/revisions"}],"predecessor-version":[{"id":1128,"href":"https:\/\/www.mtv-in.de\/fechten\/wp-json\/wp\/v2\/posts\/1126\/revisions\/1128"}],"wp:attachment":[{"href":"https:\/\/www.mtv-in.de\/fechten\/wp-json\/wp\/v2\/media?parent=1126"}],"wp:term":[{"taxonomy":"category","embeddable":true,"href":"https:\/\/www.mtv-in.de\/fechten\/wp-json\/wp\/v2\/categories?post=1126"},{"taxonomy":"post_tag","embeddable":true,"href":"https:\/\/www.mtv-in.de\/fechten\/wp-json\/wp\/v2\/tags?post=1126"}],"curies":[{"name":"wp","href":"https:\/\/api.w.org\/{rel}","templated":true}]}}