{"id":1388,"date":"2024-05-07T11:08:41","date_gmt":"2024-05-07T09:08:41","guid":{"rendered":"https:\/\/www.mtv-in.de\/fechten\/?p=1388"},"modified":"2024-05-07T11:08:41","modified_gmt":"2024-05-07T09:08:41","slug":"ingolstaedter-fechtpanther","status":"publish","type":"post","link":"https:\/\/www.mtv-in.de\/fechten\/2024\/05\/ingolstaedter-fechtpanther\/","title":{"rendered":"Ingolst\u00e4dter Fechtpanther"},"content":{"rendered":"\n<p>Am 04. und 05. Mai luden wir wieder Florett und Degenfechter aus ganz Deutschland und dar\u00fcber hinaus zu uns in die Halle ein.<\/p>\n\n\n\n<p>Gefochten wurde jeder gegen jeden auf 5 Treffer.<\/p>\n\n\n\n<p>F\u00fcr uns gingen \u00fcber 25 Fechter an den Start.<br>Unsere Nachwuchstalente Yan und Hugu holten Gold.<br>Auch viele Silber und Bronze blieben bei uns in Ingolstadt.<\/p>\n\n\n\n<p>Alle Fotos und Ergebnisse sind online:<br><strong><a href=\"https:\/\/drive.google.com\/drive\/folders\/1pcZ4h6CWklPxh03DzGXNiYDOlowBorFS?usp=sharing\">Google Drive<\/a>, <a href=\"https:\/\/www.kbumm.de\/bilder?id=14096\">KBUM<\/a><\/strong><a href=\"https:\/\/www.kbumm.de\/bilder?id=14096\">M<\/a><\/p>\n\n\n\n<p>Danke an Innofence, Herrnbr\u00e4u und allen Helfern.<\/p>\n\n\n\n<figure class=\"wp-block-gallery has-nested-images columns-default is-cropped wp-block-gallery-1 is-layout-flex wp-block-gallery-is-layout-flex\">\n<figure class=\"wp-block-image size-large\"><a href=\"https:\/\/www.mtv-in.de\/fechten\/files\/2024\/05\/DSC06892-scaled.jpg\"><img loading=\"lazy\" decoding=\"async\" width=\"1024\" height=\"559\" data-id=\"1384\" src=\"https:\/\/www.mtv-in.de\/fechten\/files\/2024\/05\/DSC06892-1024x559.jpg\" alt=\"\" class=\"wp-image-1384\" srcset=\"https:\/\/www.mtv-in.de\/fechten\/files\/2024\/05\/DSC06892-1024x559.jpg 1024w, https:\/\/www.mtv-in.de\/fechten\/files\/2024\/05\/DSC06892-300x164.jpg 300w, https:\/\/www.mtv-in.de\/fechten\/files\/2024\/05\/DSC06892-768x419.jpg 768w, https:\/\/www.mtv-in.de\/fechten\/files\/2024\/05\/DSC06892-1536x839.jpg 1536w, https:\/\/www.mtv-in.de\/fechten\/files\/2024\/05\/DSC06892-2048x1119.jpg 2048w\" sizes=\"auto, (max-width: 1024px) 100vw, 1024px\" \/><\/a><\/figure>\n\n\n\n<figure class=\"wp-block-image size-large\"><a href=\"https:\/\/www.mtv-in.de\/fechten\/files\/2024\/05\/DSC06550-scaled.jpg\"><img loading=\"lazy\" decoding=\"async\" width=\"1024\" height=\"1012\" data-id=\"1383\" src=\"https:\/\/www.mtv-in.de\/fechten\/files\/2024\/05\/DSC06550-1024x1012.jpg\" alt=\"\" class=\"wp-image-1383\" srcset=\"https:\/\/www.mtv-in.de\/fechten\/files\/2024\/05\/DSC06550-1024x1012.jpg 1024w, https:\/\/www.mtv-in.de\/fechten\/files\/2024\/05\/DSC06550-300x297.jpg 300w, https:\/\/www.mtv-in.de\/fechten\/files\/2024\/05\/DSC06550-768x759.jpg 768w, https:\/\/www.mtv-in.de\/fechten\/files\/2024\/05\/DSC06550-1536x1518.jpg 1536w, https:\/\/www.mtv-in.de\/fechten\/files\/2024\/05\/DSC06550-2048x2024.jpg 2048w\" sizes=\"auto, (max-width: 1024px) 100vw, 1024px\" \/><\/a><\/figure>\n\n\n\n<figure class=\"wp-block-image size-large\"><a href=\"https:\/\/www.mtv-in.de\/fechten\/files\/2024\/05\/DSC05054-scaled.jpg\"><img loading=\"lazy\" decoding=\"async\" width=\"1024\" height=\"515\" data-id=\"1382\" src=\"https:\/\/www.mtv-in.de\/fechten\/files\/2024\/05\/DSC05054-1024x515.jpg\" alt=\"\" class=\"wp-image-1382\" srcset=\"https:\/\/www.mtv-in.de\/fechten\/files\/2024\/05\/DSC05054-1024x515.jpg 1024w, https:\/\/www.mtv-in.de\/fechten\/files\/2024\/05\/DSC05054-300x151.jpg 300w, https:\/\/www.mtv-in.de\/fechten\/files\/2024\/05\/DSC05054-768x386.jpg 768w, https:\/\/www.mtv-in.de\/fechten\/files\/2024\/05\/DSC05054-1536x772.jpg 1536w, https:\/\/www.mtv-in.de\/fechten\/files\/2024\/05\/DSC05054-2048x1030.jpg 2048w\" sizes=\"auto, (max-width: 1024px) 100vw, 1024px\" \/><\/a><\/figure>\n\n\n\n<figure class=\"wp-block-image size-large\"><a href=\"https:\/\/www.mtv-in.de\/fechten\/files\/2024\/05\/DSC05937-scaled.jpg\"><img loading=\"lazy\" decoding=\"async\" width=\"1024\" height=\"530\" data-id=\"1381\" src=\"https:\/\/www.mtv-in.de\/fechten\/files\/2024\/05\/DSC05937-1024x530.jpg\" alt=\"\" class=\"wp-image-1381\" srcset=\"https:\/\/www.mtv-in.de\/fechten\/files\/2024\/05\/DSC05937-1024x530.jpg 1024w, https:\/\/www.mtv-in.de\/fechten\/files\/2024\/05\/DSC05937-300x155.jpg 300w, https:\/\/www.mtv-in.de\/fechten\/files\/2024\/05\/DSC05937-768x398.jpg 768w, https:\/\/www.mtv-in.de\/fechten\/files\/2024\/05\/DSC05937-1536x795.jpg 1536w, https:\/\/www.mtv-in.de\/fechten\/files\/2024\/05\/DSC05937-2048x1060.jpg 2048w\" sizes=\"auto, (max-width: 1024px) 100vw, 1024px\" \/><\/a><\/figure>\n\n\n\n<figure class=\"wp-block-image size-large\"><a href=\"https:\/\/www.mtv-in.de\/fechten\/files\/2024\/05\/DSC05406-scaled.jpg\"><img loading=\"lazy\" decoding=\"async\" width=\"1024\" height=\"635\" data-id=\"1380\" src=\"https:\/\/www.mtv-in.de\/fechten\/files\/2024\/05\/DSC05406-1024x635.jpg\" alt=\"\" class=\"wp-image-1380\" srcset=\"https:\/\/www.mtv-in.de\/fechten\/files\/2024\/05\/DSC05406-1024x635.jpg 1024w, https:\/\/www.mtv-in.de\/fechten\/files\/2024\/05\/DSC05406-300x186.jpg 300w, https:\/\/www.mtv-in.de\/fechten\/files\/2024\/05\/DSC05406-768x476.jpg 768w, https:\/\/www.mtv-in.de\/fechten\/files\/2024\/05\/DSC05406-1536x953.jpg 1536w, https:\/\/www.mtv-in.de\/fechten\/files\/2024\/05\/DSC05406-2048x1270.jpg 2048w\" sizes=\"auto, (max-width: 1024px) 100vw, 1024px\" \/><\/a><\/figure>\n\n\n\n<figure class=\"wp-block-image size-large\"><a href=\"https:\/\/www.mtv-in.de\/fechten\/files\/2024\/05\/DSC06714-scaled.jpg\"><img loading=\"lazy\" decoding=\"async\" width=\"1024\" height=\"683\" data-id=\"1379\" src=\"https:\/\/www.mtv-in.de\/fechten\/files\/2024\/05\/DSC06714-1024x683.jpg\" alt=\"\" class=\"wp-image-1379\" srcset=\"https:\/\/www.mtv-in.de\/fechten\/files\/2024\/05\/DSC06714-1024x683.jpg 1024w, https:\/\/www.mtv-in.de\/fechten\/files\/2024\/05\/DSC06714-300x200.jpg 300w, https:\/\/www.mtv-in.de\/fechten\/files\/2024\/05\/DSC06714-768x512.jpg 768w, https:\/\/www.mtv-in.de\/fechten\/files\/2024\/05\/DSC06714-1536x1024.jpg 1536w, https:\/\/www.mtv-in.de\/fechten\/files\/2024\/05\/DSC06714-2048x1366.jpg 2048w\" sizes=\"auto, (max-width: 1024px) 100vw, 1024px\" \/><\/a><\/figure>\n\n\n\n<figure class=\"wp-block-image size-large\"><a href=\"https:\/\/www.mtv-in.de\/fechten\/files\/2024\/05\/DSC04894-scaled.jpg\"><img loading=\"lazy\" decoding=\"async\" width=\"1024\" height=\"683\" data-id=\"1378\" src=\"https:\/\/www.mtv-in.de\/fechten\/files\/2024\/05\/DSC04894-1024x683.jpg\" alt=\"\" class=\"wp-image-1378\" srcset=\"https:\/\/www.mtv-in.de\/fechten\/files\/2024\/05\/DSC04894-1024x683.jpg 1024w, https:\/\/www.mtv-in.de\/fechten\/files\/2024\/05\/DSC04894-300x200.jpg 300w, https:\/\/www.mtv-in.de\/fechten\/files\/2024\/05\/DSC04894-768x512.jpg 768w, https:\/\/www.mtv-in.de\/fechten\/files\/2024\/05\/DSC04894-1536x1024.jpg 1536w, https:\/\/www.mtv-in.de\/fechten\/files\/2024\/05\/DSC04894-2048x1366.jpg 2048w\" sizes=\"auto, (max-width: 1024px) 100vw, 1024px\" \/><\/a><\/figure>\n\n\n\n<figure class=\"wp-block-image size-large\"><a href=\"https:\/\/www.mtv-in.de\/fechten\/files\/2024\/05\/DSC04839-scaled.jpg\"><img loading=\"lazy\" decoding=\"async\" width=\"1024\" height=\"693\" data-id=\"1377\" src=\"https:\/\/www.mtv-in.de\/fechten\/files\/2024\/05\/DSC04839-1024x693.jpg\" alt=\"\" class=\"wp-image-1377\" srcset=\"https:\/\/www.mtv-in.de\/fechten\/files\/2024\/05\/DSC04839-1024x693.jpg 1024w, https:\/\/www.mtv-in.de\/fechten\/files\/2024\/05\/DSC04839-300x203.jpg 300w, https:\/\/www.mtv-in.de\/fechten\/files\/2024\/05\/DSC04839-768x520.jpg 768w, https:\/\/www.mtv-in.de\/fechten\/files\/2024\/05\/DSC04839-1536x1040.jpg 1536w, https:\/\/www.mtv-in.de\/fechten\/files\/2024\/05\/DSC04839-2048x1387.jpg 2048w\" sizes=\"auto, (max-width: 1024px) 100vw, 1024px\" \/><\/a><\/figure>\n\n\n\n<figure class=\"wp-block-image size-large\"><a href=\"https:\/\/www.mtv-in.de\/fechten\/files\/2024\/05\/DSC04576-scaled.jpg\"><img loading=\"lazy\" decoding=\"async\" width=\"1024\" height=\"867\" data-id=\"1376\" src=\"https:\/\/www.mtv-in.de\/fechten\/files\/2024\/05\/DSC04576-1024x867.jpg\" alt=\"\" class=\"wp-image-1376\" srcset=\"https:\/\/www.mtv-in.de\/fechten\/files\/2024\/05\/DSC04576-1024x867.jpg 1024w, https:\/\/www.mtv-in.de\/fechten\/files\/2024\/05\/DSC04576-300x254.jpg 300w, https:\/\/www.mtv-in.de\/fechten\/files\/2024\/05\/DSC04576-768x650.jpg 768w, https:\/\/www.mtv-in.de\/fechten\/files\/2024\/05\/DSC04576-1536x1301.jpg 1536w, https:\/\/www.mtv-in.de\/fechten\/files\/2024\/05\/DSC04576-2048x1735.jpg 2048w\" sizes=\"auto, (max-width: 1024px) 100vw, 1024px\" \/><\/a><\/figure>\n<\/figure>\n","protected":false},"excerpt":{"rendered":"<p>Am 04. und 05. Mai luden wir wieder Florett und Degenfechter aus ganz Deutschland und dar\u00fcber hinaus zu uns in die Halle ein. Gefochten wurde jeder gegen jeden auf 5 Treffer. F\u00fcr uns gingen \u00fcber 25 Fechter an den Start.Unsere Nachwuchstalente Yan und Hugu holten Gold.Auch viele Silber und Bronze blieben bei uns in Ingolstadt. [&hellip;]<\/p>\n","protected":false},"author":1,"featured_media":1382,"comment_status":"closed","ping_status":"closed","sticky":false,"template":"","format":"standard","meta":{"footnotes":""},"categories":[1],"tags":[],"class_list":["post-1388","post","type-post","status-publish","format-standard","has-post-thumbnail","hentry","category-allgemein"],"_links":{"self":[{"href":"https:\/\/www.mtv-in.de\/fechten\/wp-json\/wp\/v2\/posts\/1388","targetHints":{"allow":["GET"]}}],"collection":[{"href":"https:\/\/www.mtv-in.de\/fechten\/wp-json\/wp\/v2\/posts"}],"about":[{"href":"https:\/\/www.mtv-in.de\/fechten\/wp-json\/wp\/v2\/types\/post"}],"author":[{"embeddable":true,"href":"https:\/\/www.mtv-in.de\/fechten\/wp-json\/wp\/v2\/users\/1"}],"replies":[{"embeddable":true,"href":"https:\/\/www.mtv-in.de\/fechten\/wp-json\/wp\/v2\/comments?post=1388"}],"version-history":[{"count":1,"href":"https:\/\/www.mtv-in.de\/fechten\/wp-json\/wp\/v2\/posts\/1388\/revisions"}],"predecessor-version":[{"id":1389,"href":"https:\/\/www.mtv-in.de\/fechten\/wp-json\/wp\/v2\/posts\/1388\/revisions\/1389"}],"wp:featuredmedia":[{"embeddable":true,"href":"https:\/\/www.mtv-in.de\/fechten\/wp-json\/wp\/v2\/media\/1382"}],"wp:attachment":[{"href":"https:\/\/www.mtv-in.de\/fechten\/wp-json\/wp\/v2\/media?parent=1388"}],"wp:term":[{"taxonomy":"category","embeddable":true,"href":"https:\/\/www.mtv-in.de\/fechten\/wp-json\/wp\/v2\/categories?post=1388"},{"taxonomy":"post_tag","embeddable":true,"href":"https:\/\/www.mtv-in.de\/fechten\/wp-json\/wp\/v2\/tags?post=1388"}],"curies":[{"name":"wp","href":"https:\/\/api.w.org\/{rel}","templated":true}]}}