{"id":1391,"date":"2024-08-07T15:34:55","date_gmt":"2024-08-07T13:34:55","guid":{"rendered":"https:\/\/www.mtv-in.de\/fechten\/?p=1391"},"modified":"2024-08-07T15:34:56","modified_gmt":"2024-08-07T13:34:56","slug":"jahreshauptversammlung-wahl-fechtsportjugend","status":"publish","type":"post","link":"https:\/\/www.mtv-in.de\/fechten\/2024\/08\/jahreshauptversammlung-wahl-fechtsportjugend\/","title":{"rendered":"Jahreshauptversammlung &#8211; Wahl Fechtsportjugend"},"content":{"rendered":"\n<p>Am 19. Juli 2024 fand unsere Jahreshauptversammlung statt.<\/p>\n\n\n\n<p>Die Abteilungsleitung informierte \u00fcber die vergangene Saison.<br>Die gr\u00f6\u00dfte Neuanschaffung waren drei neue Fechtmelder.<\/p>\n\n\n\n<p>Des Weiteren wurde die Fechtsportjugend im MTV Ingolstadt gegr\u00fcndet und gew\u00e4hlt.<br>Das Team um Hannah Miehling und Luisa Kiesslich repr\u00e4sentieren die Jugend in der Abteilungsleitung und k\u00f6nnen somit die Entwicklung der Abteilung aktiv mitgestalten.<\/p>\n\n\n\n<p>Letzter Tagesordnungspunkt waren die Ehrungen.<br>Tobias Off, Sven Godau und Walter Singer wurden f\u00fcr 30, 60 und 70 Jahre Mitgliedschaft im MTV geehrt.<br>Zudem wurden alle neuen Kampfrichter zertifiziert.<br>Cyril Menard wurde f\u00fcr sein besonderes Engangemt beim Ingolst\u00e4dter Fechtpanther geehrt.<br>Luisa und Anastasia bekamen eine Auszeichnung f\u00fcr ihre besonderen sportlichen Leistungen in der vergangenen Saison.<\/p>\n\n\n\n<figure class=\"wp-block-image size-large\"><a href=\"https:\/\/www.mtv-in.de\/fechten\/files\/2024\/08\/WhatsApp-Image-2024-08-07-at-15.16.50-2.jpeg\"><img loading=\"lazy\" decoding=\"async\" width=\"1024\" height=\"578\" src=\"https:\/\/www.mtv-in.de\/fechten\/files\/2024\/08\/WhatsApp-Image-2024-08-07-at-15.16.50-2-1024x578.jpeg\" alt=\"\" class=\"wp-image-1396\" srcset=\"https:\/\/www.mtv-in.de\/fechten\/files\/2024\/08\/WhatsApp-Image-2024-08-07-at-15.16.50-2-1024x578.jpeg 1024w, https:\/\/www.mtv-in.de\/fechten\/files\/2024\/08\/WhatsApp-Image-2024-08-07-at-15.16.50-2-300x169.jpeg 300w, https:\/\/www.mtv-in.de\/fechten\/files\/2024\/08\/WhatsApp-Image-2024-08-07-at-15.16.50-2-768x433.jpeg 768w, https:\/\/www.mtv-in.de\/fechten\/files\/2024\/08\/WhatsApp-Image-2024-08-07-at-15.16.50-2-1536x866.jpeg 1536w, https:\/\/www.mtv-in.de\/fechten\/files\/2024\/08\/WhatsApp-Image-2024-08-07-at-15.16.50-2.jpeg 2000w\" sizes=\"auto, (max-width: 1024px) 100vw, 1024px\" \/><\/a><\/figure>\n\n\n\n<p> <\/p>\n\n\n\n<figure class=\"wp-block-image size-large is-resized\"><a href=\"https:\/\/www.mtv-in.de\/fechten\/files\/2024\/08\/WhatsApp-Image-2024-08-07-at-15.02.49.jpeg\"><img loading=\"lazy\" decoding=\"async\" width=\"768\" height=\"1024\" src=\"https:\/\/www.mtv-in.de\/fechten\/files\/2024\/08\/WhatsApp-Image-2024-08-07-at-15.02.49-768x1024.jpeg\" alt=\"\" class=\"wp-image-1395\" style=\"aspect-ratio:0.75;width:274px;height:auto\" srcset=\"https:\/\/www.mtv-in.de\/fechten\/files\/2024\/08\/WhatsApp-Image-2024-08-07-at-15.02.49-768x1024.jpeg 768w, https:\/\/www.mtv-in.de\/fechten\/files\/2024\/08\/WhatsApp-Image-2024-08-07-at-15.02.49-225x300.jpeg 225w, https:\/\/www.mtv-in.de\/fechten\/files\/2024\/08\/WhatsApp-Image-2024-08-07-at-15.02.49-1152x1536.jpeg 1152w, https:\/\/www.mtv-in.de\/fechten\/files\/2024\/08\/WhatsApp-Image-2024-08-07-at-15.02.49.jpeg 1200w\" sizes=\"auto, (max-width: 768px) 100vw, 768px\" \/><\/a><\/figure>\n","protected":false},"excerpt":{"rendered":"<p>Am 19. Juli 2024 fand unsere Jahreshauptversammlung statt. Die Abteilungsleitung informierte \u00fcber die vergangene Saison.Die gr\u00f6\u00dfte Neuanschaffung waren drei neue Fechtmelder. Des Weiteren wurde die Fechtsportjugend im MTV Ingolstadt gegr\u00fcndet und gew\u00e4hlt.Das Team um Hannah Miehling und Luisa Kiesslich repr\u00e4sentieren die Jugend in der Abteilungsleitung und k\u00f6nnen somit die Entwicklung der Abteilung aktiv mitgestalten. Letzter [&hellip;]<\/p>\n","protected":false},"author":1,"featured_media":1392,"comment_status":"closed","ping_status":"closed","sticky":false,"template":"","format":"standard","meta":{"footnotes":""},"categories":[1],"tags":[25,24],"class_list":["post-1391","post","type-post","status-publish","format-standard","has-post-thumbnail","hentry","category-allgemein","tag-fechtsportjugend","tag-jahreshauptversammlung"],"_links":{"self":[{"href":"https:\/\/www.mtv-in.de\/fechten\/wp-json\/wp\/v2\/posts\/1391","targetHints":{"allow":["GET"]}}],"collection":[{"href":"https:\/\/www.mtv-in.de\/fechten\/wp-json\/wp\/v2\/posts"}],"about":[{"href":"https:\/\/www.mtv-in.de\/fechten\/wp-json\/wp\/v2\/types\/post"}],"author":[{"embeddable":true,"href":"https:\/\/www.mtv-in.de\/fechten\/wp-json\/wp\/v2\/users\/1"}],"replies":[{"embeddable":true,"href":"https:\/\/www.mtv-in.de\/fechten\/wp-json\/wp\/v2\/comments?post=1391"}],"version-history":[{"count":1,"href":"https:\/\/www.mtv-in.de\/fechten\/wp-json\/wp\/v2\/posts\/1391\/revisions"}],"predecessor-version":[{"id":1398,"href":"https:\/\/www.mtv-in.de\/fechten\/wp-json\/wp\/v2\/posts\/1391\/revisions\/1398"}],"wp:featuredmedia":[{"embeddable":true,"href":"https:\/\/www.mtv-in.de\/fechten\/wp-json\/wp\/v2\/media\/1392"}],"wp:attachment":[{"href":"https:\/\/www.mtv-in.de\/fechten\/wp-json\/wp\/v2\/media?parent=1391"}],"wp:term":[{"taxonomy":"category","embeddable":true,"href":"https:\/\/www.mtv-in.de\/fechten\/wp-json\/wp\/v2\/categories?post=1391"},{"taxonomy":"post_tag","embeddable":true,"href":"https:\/\/www.mtv-in.de\/fechten\/wp-json\/wp\/v2\/tags?post=1391"}],"curies":[{"name":"wp","href":"https:\/\/api.w.org\/{rel}","templated":true}]}}