{"id":1399,"date":"2024-08-07T15:40:40","date_gmt":"2024-08-07T13:40:40","guid":{"rendered":"https:\/\/www.mtv-in.de\/fechten\/?p=1399"},"modified":"2024-08-07T15:40:40","modified_gmt":"2024-08-07T13:40:40","slug":"fechten-im-piuspark","status":"publish","type":"post","link":"https:\/\/www.mtv-in.de\/fechten\/2024\/08\/fechten-im-piuspark\/","title":{"rendered":"Fechten im Piuspark"},"content":{"rendered":"\n<p>Auch heuer waren wir wieder beim Sommerfest des Freundeskreises Piuspark mit dabei.<br>Besucher konnten bei abwechslungsreichen Stationen ihre Fechtk\u00fcnste unter Beweis stellen.<\/p>\n\n\n\n<p>Danke an alle Mitglieder, f\u00fcr die Unterst\u00fctzung vor Ort.<\/p>\n\n\n\n<figure class=\"wp-block-image size-large\"><a href=\"https:\/\/www.mtv-in.de\/fechten\/files\/2024\/08\/sommerfest24_1.jpeg\"><img loading=\"lazy\" decoding=\"async\" width=\"1024\" height=\"771\" src=\"https:\/\/www.mtv-in.de\/fechten\/files\/2024\/08\/sommerfest24_1-1024x771.jpeg\" alt=\"\" class=\"wp-image-1401\" srcset=\"https:\/\/www.mtv-in.de\/fechten\/files\/2024\/08\/sommerfest24_1-1024x771.jpeg 1024w, https:\/\/www.mtv-in.de\/fechten\/files\/2024\/08\/sommerfest24_1-300x226.jpeg 300w, https:\/\/www.mtv-in.de\/fechten\/files\/2024\/08\/sommerfest24_1-768x578.jpeg 768w, https:\/\/www.mtv-in.de\/fechten\/files\/2024\/08\/sommerfest24_1-1536x1157.jpeg 1536w, https:\/\/www.mtv-in.de\/fechten\/files\/2024\/08\/sommerfest24_1.jpeg 2040w\" sizes=\"auto, (max-width: 1024px) 100vw, 1024px\" \/><\/a><\/figure>\n","protected":false},"excerpt":{"rendered":"<p>Auch heuer waren wir wieder beim Sommerfest des Freundeskreises Piuspark mit dabei.Besucher konnten bei abwechslungsreichen Stationen ihre Fechtk\u00fcnste unter Beweis stellen. Danke an alle Mitglieder, f\u00fcr die Unterst\u00fctzung vor Ort.<\/p>\n","protected":false},"author":1,"featured_media":1400,"comment_status":"closed","ping_status":"closed","sticky":false,"template":"","format":"standard","meta":{"footnotes":""},"categories":[1],"tags":[27,26],"class_list":["post-1399","post","type-post","status-publish","format-standard","has-post-thumbnail","hentry","category-allgemein","tag-piuspark","tag-sommerfest"],"_links":{"self":[{"href":"https:\/\/www.mtv-in.de\/fechten\/wp-json\/wp\/v2\/posts\/1399","targetHints":{"allow":["GET"]}}],"collection":[{"href":"https:\/\/www.mtv-in.de\/fechten\/wp-json\/wp\/v2\/posts"}],"about":[{"href":"https:\/\/www.mtv-in.de\/fechten\/wp-json\/wp\/v2\/types\/post"}],"author":[{"embeddable":true,"href":"https:\/\/www.mtv-in.de\/fechten\/wp-json\/wp\/v2\/users\/1"}],"replies":[{"embeddable":true,"href":"https:\/\/www.mtv-in.de\/fechten\/wp-json\/wp\/v2\/comments?post=1399"}],"version-history":[{"count":1,"href":"https:\/\/www.mtv-in.de\/fechten\/wp-json\/wp\/v2\/posts\/1399\/revisions"}],"predecessor-version":[{"id":1402,"href":"https:\/\/www.mtv-in.de\/fechten\/wp-json\/wp\/v2\/posts\/1399\/revisions\/1402"}],"wp:featuredmedia":[{"embeddable":true,"href":"https:\/\/www.mtv-in.de\/fechten\/wp-json\/wp\/v2\/media\/1400"}],"wp:attachment":[{"href":"https:\/\/www.mtv-in.de\/fechten\/wp-json\/wp\/v2\/media?parent=1399"}],"wp:term":[{"taxonomy":"category","embeddable":true,"href":"https:\/\/www.mtv-in.de\/fechten\/wp-json\/wp\/v2\/categories?post=1399"},{"taxonomy":"post_tag","embeddable":true,"href":"https:\/\/www.mtv-in.de\/fechten\/wp-json\/wp\/v2\/tags?post=1399"}],"curies":[{"name":"wp","href":"https:\/\/api.w.org\/{rel}","templated":true}]}}