{"id":1678,"date":"2025-03-22T11:19:48","date_gmt":"2025-03-22T10:19:48","guid":{"rendered":"https:\/\/www.mtv-in.de\/fechten\/?p=1678"},"modified":"2025-03-22T11:20:05","modified_gmt":"2025-03-22T10:20:05","slug":"baeaeaem-anastasia-wird-bayerische-meisterin","status":"publish","type":"post","link":"https:\/\/www.mtv-in.de\/fechten\/2025\/03\/baeaeaem-anastasia-wird-bayerische-meisterin\/","title":{"rendered":"B\u00c4\u00c4\u00c4M &#8211; Anastasia wird bayerische Meisterin"},"content":{"rendered":"\n<p>Bei der bayerischen Meisterschaft in Augsburg holte Anastasia mit 14 Jahren den Meistertitel in der U17.<\/p>\n\n\n\n<p>Der erste gro\u00dfe Erfolg unter Stefan Koppenhofer.<\/p>\n\n\n\n<p>Herzlichen Gl\u00fcckwunsch!!!<\/p>\n","protected":false},"excerpt":{"rendered":"<p>Bei der bayerischen Meisterschaft in Augsburg holte Anastasia mit 14 Jahren den Meistertitel in der U17. Der erste gro\u00dfe Erfolg unter Stefan Koppenhofer. Herzlichen Gl\u00fcckwunsch!!!<\/p>\n","protected":false},"author":1,"featured_media":1679,"comment_status":"closed","ping_status":"closed","sticky":false,"template":"","format":"standard","meta":{"footnotes":""},"categories":[1],"tags":[],"class_list":["post-1678","post","type-post","status-publish","format-standard","has-post-thumbnail","hentry","category-allgemein"],"_links":{"self":[{"href":"https:\/\/www.mtv-in.de\/fechten\/wp-json\/wp\/v2\/posts\/1678","targetHints":{"allow":["GET"]}}],"collection":[{"href":"https:\/\/www.mtv-in.de\/fechten\/wp-json\/wp\/v2\/posts"}],"about":[{"href":"https:\/\/www.mtv-in.de\/fechten\/wp-json\/wp\/v2\/types\/post"}],"author":[{"embeddable":true,"href":"https:\/\/www.mtv-in.de\/fechten\/wp-json\/wp\/v2\/users\/1"}],"replies":[{"embeddable":true,"href":"https:\/\/www.mtv-in.de\/fechten\/wp-json\/wp\/v2\/comments?post=1678"}],"version-history":[{"count":2,"href":"https:\/\/www.mtv-in.de\/fechten\/wp-json\/wp\/v2\/posts\/1678\/revisions"}],"predecessor-version":[{"id":1681,"href":"https:\/\/www.mtv-in.de\/fechten\/wp-json\/wp\/v2\/posts\/1678\/revisions\/1681"}],"wp:featuredmedia":[{"embeddable":true,"href":"https:\/\/www.mtv-in.de\/fechten\/wp-json\/wp\/v2\/media\/1679"}],"wp:attachment":[{"href":"https:\/\/www.mtv-in.de\/fechten\/wp-json\/wp\/v2\/media?parent=1678"}],"wp:term":[{"taxonomy":"category","embeddable":true,"href":"https:\/\/www.mtv-in.de\/fechten\/wp-json\/wp\/v2\/categories?post=1678"},{"taxonomy":"post_tag","embeddable":true,"href":"https:\/\/www.mtv-in.de\/fechten\/wp-json\/wp\/v2\/tags?post=1678"}],"curies":[{"name":"wp","href":"https:\/\/api.w.org\/{rel}","templated":true}]}}