{"id":180,"date":"2013-10-01T14:28:03","date_gmt":"2013-10-01T14:28:03","guid":{"rendered":"http:\/\/www.mtv-in.de\/fechten\/?p=180"},"modified":"2013-10-01T14:29:07","modified_gmt":"2013-10-01T14:29:07","slug":"anfaengertraining","status":"publish","type":"post","link":"https:\/\/www.mtv-in.de\/fechten\/2013\/10\/anfaengertraining\/","title":{"rendered":"Anf\u00e4ngertraining"},"content":{"rendered":"<p>Jeden Montag ab 18:00 Uhr findet f\u00fcr Interessenten, Anf\u00e4nger und Sportbegeisterte ein Anf\u00e4ngertraining statt.<\/p>\n<p>Mitmachen kann jeder, egal welchen Alters.<\/p>\n<p>Wir freuen uns auf Euch!<\/p>\n","protected":false},"excerpt":{"rendered":"<p>Jeden Montag ab 18:00 Uhr findet f\u00fcr Interessenten, Anf\u00e4nger und Sportbegeisterte ein Anf\u00e4ngertraining statt. Mitmachen kann jeder, egal welchen Alters. Wir freuen uns auf Euch!<\/p>\n","protected":false},"author":210,"featured_media":0,"comment_status":"closed","ping_status":"closed","sticky":false,"template":"","format":"standard","meta":{"footnotes":""},"categories":[1],"tags":[],"class_list":["post-180","post","type-post","status-publish","format-standard","hentry","category-allgemein"],"_links":{"self":[{"href":"https:\/\/www.mtv-in.de\/fechten\/wp-json\/wp\/v2\/posts\/180","targetHints":{"allow":["GET"]}}],"collection":[{"href":"https:\/\/www.mtv-in.de\/fechten\/wp-json\/wp\/v2\/posts"}],"about":[{"href":"https:\/\/www.mtv-in.de\/fechten\/wp-json\/wp\/v2\/types\/post"}],"author":[{"embeddable":true,"href":"https:\/\/www.mtv-in.de\/fechten\/wp-json\/wp\/v2\/users\/210"}],"replies":[{"embeddable":true,"href":"https:\/\/www.mtv-in.de\/fechten\/wp-json\/wp\/v2\/comments?post=180"}],"version-history":[{"count":1,"href":"https:\/\/www.mtv-in.de\/fechten\/wp-json\/wp\/v2\/posts\/180\/revisions"}],"predecessor-version":[{"id":181,"href":"https:\/\/www.mtv-in.de\/fechten\/wp-json\/wp\/v2\/posts\/180\/revisions\/181"}],"wp:attachment":[{"href":"https:\/\/www.mtv-in.de\/fechten\/wp-json\/wp\/v2\/media?parent=180"}],"wp:term":[{"taxonomy":"category","embeddable":true,"href":"https:\/\/www.mtv-in.de\/fechten\/wp-json\/wp\/v2\/categories?post=180"},{"taxonomy":"post_tag","embeddable":true,"href":"https:\/\/www.mtv-in.de\/fechten\/wp-json\/wp\/v2\/tags?post=180"}],"curies":[{"name":"wp","href":"https:\/\/api.w.org\/{rel}","templated":true}]}}