{"id":274,"date":"2015-01-08T20:42:59","date_gmt":"2015-01-08T20:42:59","guid":{"rendered":"http:\/\/www.mtv-in.de\/fechten\/?p=274"},"modified":"2015-01-08T20:42:59","modified_gmt":"2015-01-08T20:42:59","slug":"jugendvereinsmeisterschaft-am-15-12-2014","status":"publish","type":"post","link":"https:\/\/www.mtv-in.de\/fechten\/2015\/01\/jugendvereinsmeisterschaft-am-15-12-2014\/","title":{"rendered":"Jugendvereinsmeisterschaft am 15.12.2014"},"content":{"rendered":"<p><span style=\"font-weight: normal; color: #000000;\">Teilnehmer: \u00a0\u00a0 Leandro Schiechel,\u00a0<\/span><span style=\"font-weight: normal; color: #000000;\">Vanessa und Melissa Dreinh\u00f6fer, Jonah Scheel, Bowlen Li, Thomas Spreng<\/span><br style=\"font-weight: normal; color: #000000;\" \/>Gefochten wurde eine Vorrunde jeder gegen jeden, aber mit separater Wertung.<\/p>\n<p>Thomas hat sich in den f\u00fcnf Gefechten wacker geschlagen.\u00a0Am Ende sprang f\u00fcr ihn aber nur ein Sieg gegen Jonah mit 2:1 heraus.In der Gesamtwertung landete er auf dem 6. Platz.<\/p>\n<div style=\"font-weight: normal; color: #000000;\">Jonah hat auch bewiesen, was in ihm steckt.\u00a0Er war der einzige Starter, der den sp\u00e4teren Gesamtsieger ohne gro\u00dfe Probleme in die Knie gezwungen hat.\u00a0F\u00fcr diesen Sieg wurde Jonah mit dem 5. Platz belohnt.<\/div>\n<div style=\"font-weight: normal; color: #000000;\">\nNur knapp hat Bowlen den Sprung auf das Siegerpodest verpasst.\u00a0In den Gefechten gegen Jonah und gegen Thomas setzte er sich verdient mit jeweils 5:3 durch.\u00a0Somit beendete er die Meisterschaft mit dem 4. Platz.<\/div>\n<div style=\"font-weight: normal; color: #000000;\">\n\u00dcber den 3. Platz konnte sich Melissa freuen.\u00a0Sie bezwang souver\u00e4n die Gefechte gegen die Sechst- bis Viertplatzierten.\u00a0In den verbleibenden zwei Gefechten musste sie sich jedoch chancenlos ergeben.<\/div>\n<div style=\"font-weight: normal; color: #000000;\">\nVizemeisterin wurde verdienterma\u00dfen Vanessa, sie kann sich aber auch Vereinsmeisterin nennen, da sie die beste weibliche Teilnehmerin war.\u00a0Sie hat immer einen k\u00fchlen Kopf bewahrt und setzte sich erfolgreich gegen fast jeden durch.\u00a0Dabei hat sie in keinem Gefecht mehr als 2 Gegentreffer erhalten, nur der Sieger konnte sie am Ende f\u00fcnf mal treffen.<\/p>\n<p>Den Titel Jugend-Vereinsmeister 2014 erk\u00e4mpfte sich selbstbewusst Leandro Schiechel.<br \/>\nLeandro hat seine Erfahrung aus seinem ersten Turnier dem N\u00fcrnberger Rausch-Gold-Engel ausgenutzt<\/p><\/div>\n<div style=\"font-weight: normal; color: #000000;\">und gewann sofort das erste Gefecht gegen Vanessa verdient mit 5:2 Treffern.<\/div>\n<div style=\"font-weight: normal; color: #000000;\">Die darauf folgenden K\u00e4mpfe beendete er alle mit 5:2, 5:1 und 5:0 Punkten.<\/div>\n<div style=\"font-weight: normal; color: #000000;\">Nur das Gefecht gegen Jonah verlor er knapp mit 5:3.<\/div>\n<div style=\"font-weight: normal; color: #000000;\">Aufgrund seiner besseren Trefferdifferenz verwies er Vanessa auf den Vizeplatz.\n<\/div>\n<div style=\"font-weight: normal; color: #000000;\">Alles in Allem konnten alle ihr\u00a0K\u00f6nnen unter Beweis stellen und auch ihre\u00a0Fehler erkennen, an denen sie noch arbeiten m\u00fcssen.<\/div>\n<div style=\"font-weight: normal; color: #000000;\">Zudem war es f\u00fcr alle\u00a0eine gro\u00dfe und wertvolle Erfahrung, die sie\u00a0bei kommenden Turnieren, sowie in der damit verbundenen Anf\u00e4ngerpr\u00fcfung nutzen k\u00f6nnen.<\/div>\n","protected":false},"excerpt":{"rendered":"<p>Teilnehmer: \u00a0\u00a0 Leandro Schiechel,\u00a0Vanessa und Melissa Dreinh\u00f6fer, Jonah Scheel, Bowlen Li, Thomas SprengGefochten wurde eine Vorrunde jeder gegen jeden, aber mit separater Wertung. Thomas hat sich in den f\u00fcnf Gefechten wacker geschlagen.\u00a0Am Ende sprang f\u00fcr ihn aber nur ein Sieg gegen Jonah mit 2:1 heraus.In der Gesamtwertung landete er auf dem 6. Platz. Jonah hat [&hellip;]<\/p>\n","protected":false},"author":210,"featured_media":0,"comment_status":"closed","ping_status":"closed","sticky":false,"template":"","format":"standard","meta":{"footnotes":""},"categories":[1],"tags":[],"class_list":["post-274","post","type-post","status-publish","format-standard","hentry","category-allgemein"],"_links":{"self":[{"href":"https:\/\/www.mtv-in.de\/fechten\/wp-json\/wp\/v2\/posts\/274","targetHints":{"allow":["GET"]}}],"collection":[{"href":"https:\/\/www.mtv-in.de\/fechten\/wp-json\/wp\/v2\/posts"}],"about":[{"href":"https:\/\/www.mtv-in.de\/fechten\/wp-json\/wp\/v2\/types\/post"}],"author":[{"embeddable":true,"href":"https:\/\/www.mtv-in.de\/fechten\/wp-json\/wp\/v2\/users\/210"}],"replies":[{"embeddable":true,"href":"https:\/\/www.mtv-in.de\/fechten\/wp-json\/wp\/v2\/comments?post=274"}],"version-history":[{"count":1,"href":"https:\/\/www.mtv-in.de\/fechten\/wp-json\/wp\/v2\/posts\/274\/revisions"}],"predecessor-version":[{"id":275,"href":"https:\/\/www.mtv-in.de\/fechten\/wp-json\/wp\/v2\/posts\/274\/revisions\/275"}],"wp:attachment":[{"href":"https:\/\/www.mtv-in.de\/fechten\/wp-json\/wp\/v2\/media?parent=274"}],"wp:term":[{"taxonomy":"category","embeddable":true,"href":"https:\/\/www.mtv-in.de\/fechten\/wp-json\/wp\/v2\/categories?post=274"},{"taxonomy":"post_tag","embeddable":true,"href":"https:\/\/www.mtv-in.de\/fechten\/wp-json\/wp\/v2\/tags?post=274"}],"curies":[{"name":"wp","href":"https:\/\/api.w.org\/{rel}","templated":true}]}}