{"id":312,"date":"2015-12-31T12:05:35","date_gmt":"2015-12-31T12:05:35","guid":{"rendered":"http:\/\/www.mtv-in.de\/fechten\/?p=312"},"modified":"2016-02-15T17:16:20","modified_gmt":"2016-02-15T17:16:20","slug":"abteilungsversammlung-neuwahlen-am-16-12-2015","status":"publish","type":"post","link":"https:\/\/www.mtv-in.de\/fechten\/2015\/12\/abteilungsversammlung-neuwahlen-am-16-12-2015\/","title":{"rendered":"Abteilungsversammlung &#8211; Neuwahlen am 16.12.2015"},"content":{"rendered":"<p><u>Teilnehmer:<\/u><\/p>\n<p>Godau Sven, Godau Alexa,\u00a0D\u00fctsch Heike, Leng Christoph,\u00a0Koppenhofer Stefan,\u00a0Singer Walter,<br \/>\nFridolin Iser,\u00a0Pfeffer Bianca, Ekkehard Pohl, Cedric Arzul, Karl Schmidt<\/p>\n<ol>\n<li>Begr\u00fc\u00dfung<\/li>\n<\/ol>\n<p>Sven Godau begr\u00fc\u00dft die Anwesenden und erz\u00e4hlt, dass es mehr\u00a0Jugendliche im Verein gibt als im vorigen Jahr, auch bei den Erwachsenen ist ein neuer Fechter hinzugekommenen. Die Motivation der Fechter an einem intensiven Training ist gestiegen, besonders die Jugendlichen sind mit Ehrgeiz und Eifer dabei. Leider fehlt immer noch ein zweiter vollwertiger Trainer: Stefan Koppenhofer darf aufgrund seines Alters das Training noch nicht alleine leiten, unterst\u00fctzt aber Sven tatkr\u00e4ftig, besonders beim Jugendtraining.<\/p>\n<p>2. Kassenbericht<\/p>\n<p>Die Anzahl der Mitglieder differiert schon wieder zwischen den Zahlen des Vereins und der Rechnung des BFV, was in h\u00f6heren Beitragsforderungen resultiert. Mehrmalige Hinweise des Vereins an den BFV brachten bisher keine Kl\u00e4rung.<\/p>\n<p>3. Aus dem Vereinsleben<\/p>\n<p>Abgesehen von Stefan Koppenhofer nehmen die Jugendlichen und Sch\u00fcler flei\u00dfig an Wettk\u00e4mpfen teil, wann immer es sich anbietet und die Trainer es f\u00fcr sinnvoll erachten (s. Turniere). Im n\u00e4chsten Jahr werden wieder vermehrt auch die aktiven Fechter mit Turnierreifepr\u00fcfung an Wettk\u00e4mpfen teilnehmen.<\/p>\n<p>Die Teilnahme am Sommerfest auf dem Rathausplatz war f\u00fcr unsere Abteilung ein voller Erfolg. Unsere Jugendlichen waren mit Eifer dabei und erkl\u00e4rten bereitwillig jedem Interessenten unseren Sport. Ein aktiver Fechter (Cedric A.) fand so zu uns und ist seitdem flei\u00dfig im Training.<\/p>\n<p>4. Entlastung des Vorstandes<\/p>\n<p>Der Vorstand wurde durch die anwesenden Teilnehmer entlastet. Nicht anwesende Vorstandsmitglieder hatten vorab schriftlich Ihren Verzicht auf Ihre \u00c4mter (Eva Knabl, geb. Leutheuser &#8211; Kassier), bzw. ihr Einverst\u00e4ndnis zur Weiterf\u00fchrung der \u00c4mter (Arno Steinbinder &#8211; Waffenwart; Christian Schmidt &#8211; stellv. Abteilungsleiter) erkl\u00e4rt.<\/p>\n<p>5. \u00d6ffentliche Neuwahlen<\/p>\n<p>Die Neuwahlen erfolgten \u00f6ffentlich per Handzeichen. Den Vorsitz der Wahl \u00fcbernahm Sven Godau.<\/p>\n<p><strong>Abteilungsleiter:<\/strong> Sven Godau (9 Stimmen daf\u00fcr, 1 Enthaltung, keine Gegenstimme)<\/p>\n<p><strong>Stellvertreter<\/strong>: Fridolin Iser (10 Stimmen daf\u00fcr)<\/p>\n<p><strong>Jugendleiter:<\/strong> Stefan Koppenhofer lt. MTV<\/p>\n<p><strong>Kassier<\/strong>: Christoph Leng (10 Stimmen daf\u00fcr); stellv. Kassier: Bianca Pfeffer<\/p>\n<p><strong>Schriftf\u00fchrer, Presse, Homepage<\/strong>: Heike Dutsch (10 Stimmen daf\u00fcr); unterst\u00fctzt von Stefan Koppenhofer und Sven Godau<\/p>\n<p><strong>Waffenwart:<\/strong>\u00a0\u00a0\u00a0\u00a0\u00a0\u00a0\u00a0\u00a0\u00a0\u00a0\u00a0\u00a0\u00a0\u00a0\u00a0\u00a0\u00a0\u00a0\u00a0\u00a0 Arno Steinbinder (11 Stimmen daf\u00fcr); unterst\u00fctzt durch Fridolin Iser<\/p>\n<p><strong>Sport-\/Jugendwart:<\/strong> \u00a0 \u00a0 \u00a0 \u00a0 \u00a0\u00a0Funktion gestrichen<\/p>\n<p>6. Antr\u00e4ge \/ Vorschl\u00e4ge \/ offene Themen<\/p>\n<p>Stefan Koppenhofer kl\u00e4rt den Sachverhalt bzgl. neuer Lizenzen, vor allem f\u00fcr Cedric A., der bereits in Frankreich aktiver Fechter war und jetzt bei uns an Turnieren teilnehmen m\u00f6chte.<\/p>\n<p>Stefan schl\u00e4gt vor, baldm\u00f6glichst wieder Vereinsmeisterschaften durchzuf\u00fchren, da die letzten Ende 2014 von\u00a0den Jugendlichen sehr gut angenommen wurden. Dieses mal sollen aber auch alle Aktiven teilnehmen. Vorzugsweise an einem Freitag, schon ab dem fr\u00fchen Nachmittag, oder am Wochenende, damit sich alle kennen lernen und auch die Eltern der Jugendlichen, die Aktiven fechten sehen. Stefan kl\u00e4rt Termine intern ab.<\/p>\n<p>F\u00fcr kommenden M\u00e4rz oder April soll wieder ein Fest \/ eine Zusammenkunft geplant werden.<\/p>\n<p>Die Vereinssitzung endete um 20.00 Uhr.<\/p>\n","protected":false},"excerpt":{"rendered":"<p>Teilnehmer: Godau Sven, Godau Alexa,\u00a0D\u00fctsch Heike, Leng Christoph,\u00a0Koppenhofer Stefan,\u00a0Singer Walter, Fridolin Iser,\u00a0Pfeffer Bianca, Ekkehard Pohl, Cedric Arzul, Karl Schmidt Begr\u00fc\u00dfung Sven Godau begr\u00fc\u00dft die Anwesenden und erz\u00e4hlt, dass es mehr\u00a0Jugendliche im Verein gibt als im vorigen Jahr, auch bei den Erwachsenen ist ein neuer Fechter hinzugekommenen. Die Motivation der Fechter an einem intensiven Training ist [&hellip;]<\/p>\n","protected":false},"author":210,"featured_media":0,"comment_status":"closed","ping_status":"closed","sticky":false,"template":"","format":"standard","meta":{"footnotes":""},"categories":[1],"tags":[],"class_list":["post-312","post","type-post","status-publish","format-standard","hentry","category-allgemein"],"_links":{"self":[{"href":"https:\/\/www.mtv-in.de\/fechten\/wp-json\/wp\/v2\/posts\/312","targetHints":{"allow":["GET"]}}],"collection":[{"href":"https:\/\/www.mtv-in.de\/fechten\/wp-json\/wp\/v2\/posts"}],"about":[{"href":"https:\/\/www.mtv-in.de\/fechten\/wp-json\/wp\/v2\/types\/post"}],"author":[{"embeddable":true,"href":"https:\/\/www.mtv-in.de\/fechten\/wp-json\/wp\/v2\/users\/210"}],"replies":[{"embeddable":true,"href":"https:\/\/www.mtv-in.de\/fechten\/wp-json\/wp\/v2\/comments?post=312"}],"version-history":[{"count":5,"href":"https:\/\/www.mtv-in.de\/fechten\/wp-json\/wp\/v2\/posts\/312\/revisions"}],"predecessor-version":[{"id":325,"href":"https:\/\/www.mtv-in.de\/fechten\/wp-json\/wp\/v2\/posts\/312\/revisions\/325"}],"wp:attachment":[{"href":"https:\/\/www.mtv-in.de\/fechten\/wp-json\/wp\/v2\/media?parent=312"}],"wp:term":[{"taxonomy":"category","embeddable":true,"href":"https:\/\/www.mtv-in.de\/fechten\/wp-json\/wp\/v2\/categories?post=312"},{"taxonomy":"post_tag","embeddable":true,"href":"https:\/\/www.mtv-in.de\/fechten\/wp-json\/wp\/v2\/tags?post=312"}],"curies":[{"name":"wp","href":"https:\/\/api.w.org\/{rel}","templated":true}]}}