{"id":316,"date":"2015-12-31T12:13:25","date_gmt":"2015-12-31T12:13:25","guid":{"rendered":"http:\/\/www.mtv-in.de\/fechten\/?p=316"},"modified":"2016-07-08T11:43:44","modified_gmt":"2016-07-08T11:43:44","slug":"vereinsmeisterschaft-fechten-am-samstag-den-23-april-2016","status":"publish","type":"post","link":"https:\/\/www.mtv-in.de\/fechten\/2015\/12\/vereinsmeisterschaft-fechten-am-samstag-den-23-april-2016\/","title":{"rendered":"Vereinsmeisterschaft Fechten fand am Samstag den 23. April 2016 statt"},"content":{"rendered":"<p>&nbsp;<\/p>\n<p>Wir konnten die Vereinsmeisterschaften wie geplant durchf\u00fchren. Erfreulicherweise waren bei den Sch\u00fclern und Jugendlichen fast alle Fechterinnen und Fechter anwesend und haben eifrig um die besten Platzierungen gek\u00e4mpft.<\/p>\n<p>Mehr Informationen unter Turniere<\/p>\n","protected":false},"excerpt":{"rendered":"<p>&nbsp; Wir konnten die Vereinsmeisterschaften wie geplant durchf\u00fchren. Erfreulicherweise waren bei den Sch\u00fclern und Jugendlichen fast alle Fechterinnen und Fechter anwesend und haben eifrig um die besten Platzierungen gek\u00e4mpft. Mehr Informationen unter Turniere<\/p>\n","protected":false},"author":210,"featured_media":0,"comment_status":"closed","ping_status":"closed","sticky":false,"template":"","format":"standard","meta":{"footnotes":""},"categories":[1],"tags":[],"class_list":["post-316","post","type-post","status-publish","format-standard","hentry","category-allgemein"],"_links":{"self":[{"href":"https:\/\/www.mtv-in.de\/fechten\/wp-json\/wp\/v2\/posts\/316","targetHints":{"allow":["GET"]}}],"collection":[{"href":"https:\/\/www.mtv-in.de\/fechten\/wp-json\/wp\/v2\/posts"}],"about":[{"href":"https:\/\/www.mtv-in.de\/fechten\/wp-json\/wp\/v2\/types\/post"}],"author":[{"embeddable":true,"href":"https:\/\/www.mtv-in.de\/fechten\/wp-json\/wp\/v2\/users\/210"}],"replies":[{"embeddable":true,"href":"https:\/\/www.mtv-in.de\/fechten\/wp-json\/wp\/v2\/comments?post=316"}],"version-history":[{"count":2,"href":"https:\/\/www.mtv-in.de\/fechten\/wp-json\/wp\/v2\/posts\/316\/revisions"}],"predecessor-version":[{"id":343,"href":"https:\/\/www.mtv-in.de\/fechten\/wp-json\/wp\/v2\/posts\/316\/revisions\/343"}],"wp:attachment":[{"href":"https:\/\/www.mtv-in.de\/fechten\/wp-json\/wp\/v2\/media?parent=316"}],"wp:term":[{"taxonomy":"category","embeddable":true,"href":"https:\/\/www.mtv-in.de\/fechten\/wp-json\/wp\/v2\/categories?post=316"},{"taxonomy":"post_tag","embeddable":true,"href":"https:\/\/www.mtv-in.de\/fechten\/wp-json\/wp\/v2\/tags?post=316"}],"curies":[{"name":"wp","href":"https:\/\/api.w.org\/{rel}","templated":true}]}}