{"id":393,"date":"2017-04-01T16:54:55","date_gmt":"2017-04-01T14:54:55","guid":{"rendered":"http:\/\/www.mtv-in.de\/fechten\/?p=393"},"modified":"2017-04-01T16:54:55","modified_gmt":"2017-04-01T14:54:55","slug":"fruehjahrsfeier-der-fechtabteilung","status":"publish","type":"post","link":"https:\/\/www.mtv-in.de\/fechten\/2017\/04\/fruehjahrsfeier-der-fechtabteilung\/","title":{"rendered":"Fr\u00fchjahrsfeier der Fechtabteilung"},"content":{"rendered":"<p style=\"background: white;margin: 0cm 0cm 4.5pt 0cm\"><span style=\"font-size: 10.5pt;font-family: 'Helvetica','sans-serif';color: #1d2129\">Es muss nicht jeden Montag und Freitag trainiert werden, gem\u00fctliches Beisammensein bei der Fr\u00fchjahrsfeier war eine willkommene Abwechslung.<\/span><\/p>\n<p style=\"background: white;margin: 4.5pt 0cm .0001pt 0cm\"><span style=\"font-size: 10.5pt;font-family: 'Helvetica','sans-serif';color: #1d2129\">Mit der leckeren italienischen K\u00fcche von unserem neuen Wirt war es ein sch\u00f6ner Abend.<\/span><\/p>\n<p style=\"background: white;margin: 4.5pt 0cm .0001pt 0cm\"><img loading=\"lazy\" decoding=\"async\" class=\"alignleft size-thumbnail wp-image-394\" src=\"https:\/\/www.mtv-in.de\/fechten\/files\/2017\/04\/Fr\u00fchjahrsfeier-1-150x150.jpg\" alt=\"\" width=\"150\" height=\"150\" \/><\/p>\n<p style=\"background: white;margin: 4.5pt 0cm .0001pt 0cm\">\n<p style=\"background: white;margin: 4.5pt 0cm .0001pt 0cm\">\n<p style=\"background: white;margin: 4.5pt 0cm .0001pt 0cm\">\n<p style=\"background: white;margin: 4.5pt 0cm .0001pt 0cm\">\n<p style=\"background: white;margin: 0cm 0cm 4.5pt 0cm\">\n<p style=\"background: white;margin: 0cm 0cm 4.5pt 0cm\">\n<p style=\"background: white;margin: 0cm 0cm 4.5pt 0cm\">\n<p style=\"background: white;margin: 0cm 0cm 4.5pt 0cm\">Die Mischung macht\u00a0<span style=\"font-size: 10.5pt;font-family: 'Helvetica','sans-serif';color: #1d2129\">ein super Vereinsklima aus:\u00a0<\/span><\/p>\n<p style=\"background: white;margin: 4.5pt 0cm 4.5pt 0cm\"><span style=\"font-size: 10.5pt;font-family: 'Helvetica','sans-serif';color: #1d2129\">Einerseits wird gefeiert, wie bei der Fr\u00fchjahrsfeier in unserer MTV Gastst\u00e4tte mit neuem Wirt,\u00a0<\/span><\/p>\n<p style=\"background: white;margin: 4.5pt 0cm .0001pt 0cm\"><span style=\"font-size: 10.5pt;font-family: 'Helvetica','sans-serif';color: #1d2129\">andererseits wird kr\u00e4ftig trainiert, um die eigenen F\u00e4higkeiten mit dem Florett und dem Degen zu verbessern.<\/span><\/p>\n<p style=\"background: white;margin: 4.5pt 0cm .0001pt 0cm\"><img loading=\"lazy\" decoding=\"async\" class=\"alignleft  wp-image-397\" src=\"https:\/\/www.mtv-in.de\/fechten\/files\/2017\/04\/Training-Degen-032017-1.jpg\" alt=\"\" width=\"259\" height=\"150\" \/><\/p>\n<p style=\"background: white;margin: 4.5pt 0cm .0001pt 0cm\">\n<p style=\"background: white;margin: 4.5pt 0cm .0001pt 0cm\">\n","protected":false},"excerpt":{"rendered":"<p>Es muss nicht jeden Montag und Freitag trainiert werden, gem\u00fctliches Beisammensein bei der Fr\u00fchjahrsfeier war eine willkommene Abwechslung. Mit der leckeren italienischen K\u00fcche von unserem neuen Wirt war es ein sch\u00f6ner Abend. Die Mischung macht\u00a0ein super Vereinsklima aus:\u00a0 Einerseits wird gefeiert, wie bei der Fr\u00fchjahrsfeier in unserer MTV Gastst\u00e4tte mit neuem Wirt,\u00a0 andererseits wird kr\u00e4ftig [&hellip;]<\/p>\n","protected":false},"author":210,"featured_media":0,"comment_status":"closed","ping_status":"closed","sticky":false,"template":"","format":"standard","meta":{"footnotes":""},"categories":[1],"tags":[],"class_list":["post-393","post","type-post","status-publish","format-standard","hentry","category-allgemein"],"_links":{"self":[{"href":"https:\/\/www.mtv-in.de\/fechten\/wp-json\/wp\/v2\/posts\/393","targetHints":{"allow":["GET"]}}],"collection":[{"href":"https:\/\/www.mtv-in.de\/fechten\/wp-json\/wp\/v2\/posts"}],"about":[{"href":"https:\/\/www.mtv-in.de\/fechten\/wp-json\/wp\/v2\/types\/post"}],"author":[{"embeddable":true,"href":"https:\/\/www.mtv-in.de\/fechten\/wp-json\/wp\/v2\/users\/210"}],"replies":[{"embeddable":true,"href":"https:\/\/www.mtv-in.de\/fechten\/wp-json\/wp\/v2\/comments?post=393"}],"version-history":[{"count":1,"href":"https:\/\/www.mtv-in.de\/fechten\/wp-json\/wp\/v2\/posts\/393\/revisions"}],"predecessor-version":[{"id":398,"href":"https:\/\/www.mtv-in.de\/fechten\/wp-json\/wp\/v2\/posts\/393\/revisions\/398"}],"wp:attachment":[{"href":"https:\/\/www.mtv-in.de\/fechten\/wp-json\/wp\/v2\/media?parent=393"}],"wp:term":[{"taxonomy":"category","embeddable":true,"href":"https:\/\/www.mtv-in.de\/fechten\/wp-json\/wp\/v2\/categories?post=393"},{"taxonomy":"post_tag","embeddable":true,"href":"https:\/\/www.mtv-in.de\/fechten\/wp-json\/wp\/v2\/tags?post=393"}],"curies":[{"name":"wp","href":"https:\/\/api.w.org\/{rel}","templated":true}]}}