{"id":408,"date":"2017-04-21T12:51:08","date_gmt":"2017-04-21T10:51:08","guid":{"rendered":"http:\/\/www.mtv-in.de\/fechten\/?p=408"},"modified":"2017-04-21T12:51:08","modified_gmt":"2017-04-21T10:51:08","slug":"zieluebungen-einmal-anders","status":"publish","type":"post","link":"https:\/\/www.mtv-in.de\/fechten\/2017\/04\/zieluebungen-einmal-anders\/","title":{"rendered":"Ziel\u00fcbungen einmal anders!"},"content":{"rendered":"<p>Am Freitag, den 07.04. ging die Fechtabteilung wie jedes Jahr zum Bowling.<br \/>\nInsgesamt 20 Fechter\/innen und Eltern zeigten, wie sie mit der Bowlingkugel umgehen k\u00f6nnen.<br \/>\nBesonders erfreulich war, dass sich auch unsere Neuzug\u00e4nge schon voll in die Fechtgemeinschaft eingelebt haben. Zudem besuchte uns nach l\u00e4ngerer Zeit wieder unser Trainer Christian Schmitt.<\/p>\n<p>Bester Bowler war an diesem Abend Cedric Arzul!<\/p>\n<p><img loading=\"lazy\" decoding=\"async\" class=\"alignleft  wp-image-409\" src=\"https:\/\/www.mtv-in.de\/fechten\/files\/2017\/04\/Bowling-2017_1.jpg\" alt=\"\" width=\"180\" height=\"237\" \/><\/p>\n<p>&nbsp;<\/p>\n<p><img loading=\"lazy\" decoding=\"async\" class=\"alignleft  wp-image-410\" src=\"https:\/\/www.mtv-in.de\/fechten\/files\/2017\/04\/Bowling-2017_2.jpg\" alt=\"\" width=\"160\" height=\"122\" \/><\/p>\n<p>&nbsp;<\/p>\n<p><img loading=\"lazy\" decoding=\"async\" class=\"alignleft  wp-image-413\" src=\"https:\/\/www.mtv-in.de\/fechten\/files\/2017\/04\/Bowling-2017_3.jpg\" alt=\"\" width=\"150\" height=\"114\" \/><\/p>\n<p>&nbsp;<\/p>\n<p>&nbsp;<\/p>\n<p>&nbsp;<\/p>\n<p>&nbsp;<\/p>\n<p><img loading=\"lazy\" decoding=\"async\" class=\"alignleft  wp-image-411\" src=\"https:\/\/www.mtv-in.de\/fechten\/files\/2017\/04\/Bowling-2017_5.jpg\" alt=\"\" width=\"203\" height=\"155\" \/><\/p>\n<p>&nbsp;<\/p>\n<p>&nbsp;<\/p>\n<p>&nbsp;<\/p>\n<p>&nbsp;<\/p>\n<p>&nbsp;<\/p>\n<p><img loading=\"lazy\" decoding=\"async\" class=\"alignleft  wp-image-412\" src=\"https:\/\/www.mtv-in.de\/fechten\/files\/2017\/04\/Bowling2017_4.jpg\" alt=\"\" width=\"532\" height=\"400\" \/><\/p>\n<p>&nbsp;<\/p>\n<p>&nbsp;<\/p>\n<p>&nbsp;<\/p>\n<p>&nbsp;<\/p>\n<p>&nbsp;<\/p>\n<p>&nbsp;<\/p>\n<p>&nbsp;<\/p>\n<p>&nbsp;<\/p>\n<p>&nbsp;<\/p>\n<p>&nbsp;<\/p>\n","protected":false},"excerpt":{"rendered":"<p>Am Freitag, den 07.04. ging die Fechtabteilung wie jedes Jahr zum Bowling. Insgesamt 20 Fechter\/innen und Eltern zeigten, wie sie mit der Bowlingkugel umgehen k\u00f6nnen. Besonders erfreulich war, dass sich auch unsere Neuzug\u00e4nge schon voll in die Fechtgemeinschaft eingelebt haben. Zudem besuchte uns nach l\u00e4ngerer Zeit wieder unser Trainer Christian Schmitt. Bester Bowler war an [&hellip;]<\/p>\n","protected":false},"author":210,"featured_media":0,"comment_status":"closed","ping_status":"closed","sticky":false,"template":"","format":"standard","meta":{"footnotes":""},"categories":[1],"tags":[],"class_list":["post-408","post","type-post","status-publish","format-standard","hentry","category-allgemein"],"_links":{"self":[{"href":"https:\/\/www.mtv-in.de\/fechten\/wp-json\/wp\/v2\/posts\/408","targetHints":{"allow":["GET"]}}],"collection":[{"href":"https:\/\/www.mtv-in.de\/fechten\/wp-json\/wp\/v2\/posts"}],"about":[{"href":"https:\/\/www.mtv-in.de\/fechten\/wp-json\/wp\/v2\/types\/post"}],"author":[{"embeddable":true,"href":"https:\/\/www.mtv-in.de\/fechten\/wp-json\/wp\/v2\/users\/210"}],"replies":[{"embeddable":true,"href":"https:\/\/www.mtv-in.de\/fechten\/wp-json\/wp\/v2\/comments?post=408"}],"version-history":[{"count":1,"href":"https:\/\/www.mtv-in.de\/fechten\/wp-json\/wp\/v2\/posts\/408\/revisions"}],"predecessor-version":[{"id":414,"href":"https:\/\/www.mtv-in.de\/fechten\/wp-json\/wp\/v2\/posts\/408\/revisions\/414"}],"wp:attachment":[{"href":"https:\/\/www.mtv-in.de\/fechten\/wp-json\/wp\/v2\/media?parent=408"}],"wp:term":[{"taxonomy":"category","embeddable":true,"href":"https:\/\/www.mtv-in.de\/fechten\/wp-json\/wp\/v2\/categories?post=408"},{"taxonomy":"post_tag","embeddable":true,"href":"https:\/\/www.mtv-in.de\/fechten\/wp-json\/wp\/v2\/tags?post=408"}],"curies":[{"name":"wp","href":"https:\/\/api.w.org\/{rel}","templated":true}]}}