{"id":416,"date":"2017-05-12T15:31:59","date_gmt":"2017-05-12T13:31:59","guid":{"rendered":"http:\/\/www.mtv-in.de\/fechten\/?p=416"},"modified":"2017-05-12T15:31:59","modified_gmt":"2017-05-12T13:31:59","slug":"1-fencing-day-beim-mtv-in-am-22-04-2017","status":"publish","type":"post","link":"https:\/\/www.mtv-in.de\/fechten\/2017\/05\/1-fencing-day-beim-mtv-in-am-22-04-2017\/","title":{"rendered":"1. Fencing Day beim MTV-IN am 22.04.2017"},"content":{"rendered":"<p>Zum ersten Mal haben wir einen Fencing Day (Fechttag) beim MTV veranstaltet.<\/p>\n<p>Ziel war es den ganzen Tag dem Fechten zu widmen.\u00a0Den Vormittag gestaltete unser Trainer Stefan Koppenhofer mit vielen verschiedenen \u00dcbungen von Beinarbeit bis Partnerarbeit.<br \/>\nDie Mittagspause verbrachten wir in der MTV Gastst\u00e4tte Leon Cavallo Ristorante Pizzeria.<br \/>\nDer H\u00f6hepunkt waren am Nachmittag die Frei-Gefechte, bestehend zuerst aus einem Marathon, anschlie\u00dfend folgten Paar-Gefechte und zum Abschluss zahlreiche Einzel-Gefechte auf 15 Treffer.<\/p>\n<p>Besonders erfreulich war, dass uns auch eine Fechterin aus Erlangen besuchte. Aus unseren Reihen haben bei der Premiere 8 Fechter unterschiedlicher Jahrg\u00e4nge teilgenommen (2 fehlen auf dem Gruppenfoto) F\u00fcr den n\u00e4chsten geplanten Fencing Day haben sich bereits weitere Fechter angemeldet.<\/p>\n<p>Die Resonanz viel sehr positiv aus und jeder Teilnehmer konnte sich deutlich steigern, alles in allem eine Gelungene Veranstaltung, die wir sicher wiederholen werden.<\/p>\n<p><img loading=\"lazy\" decoding=\"async\" class=\"alignleft  wp-image-417\" src=\"https:\/\/www.mtv-in.de\/fechten\/files\/2017\/05\/1.-Fencing-Day_1.jpg\" alt=\"\" width=\"299\" height=\"225\" srcset=\"https:\/\/www.mtv-in.de\/fechten\/files\/2017\/05\/1.-Fencing-Day_1.jpg 800w, https:\/\/www.mtv-in.de\/fechten\/files\/2017\/05\/1.-Fencing-Day_1-300x225.jpg 300w, https:\/\/www.mtv-in.de\/fechten\/files\/2017\/05\/1.-Fencing-Day_1-768x575.jpg 768w\" sizes=\"auto, (max-width: 299px) 100vw, 299px\" \/> <img loading=\"lazy\" decoding=\"async\" class=\"alignleft  wp-image-418\" src=\"https:\/\/www.mtv-in.de\/fechten\/files\/2017\/05\/1.-Fencing-Day_2.jpg\" alt=\"\" width=\"292\" height=\"221\" \/> <img loading=\"lazy\" decoding=\"async\" class=\"alignleft  wp-image-419\" src=\"https:\/\/www.mtv-in.de\/fechten\/files\/2017\/05\/1.-Fencing-Day_3.jpg\" alt=\"\" width=\"298\" height=\"225\" \/> <img loading=\"lazy\" decoding=\"async\" class=\"alignleft  wp-image-420\" src=\"https:\/\/www.mtv-in.de\/fechten\/files\/2017\/05\/1.-Fencing-Day_4.jpg\" alt=\"\" width=\"299\" height=\"227\" \/> <img loading=\"lazy\" decoding=\"async\" class=\"alignleft  wp-image-421\" src=\"https:\/\/www.mtv-in.de\/fechten\/files\/2017\/05\/1.-Fencing-Day_5.jpg\" alt=\"\" width=\"304\" height=\"229\" srcset=\"https:\/\/www.mtv-in.de\/fechten\/files\/2017\/05\/1.-Fencing-Day_5.jpg 800w, https:\/\/www.mtv-in.de\/fechten\/files\/2017\/05\/1.-Fencing-Day_5-300x225.jpg 300w, https:\/\/www.mtv-in.de\/fechten\/files\/2017\/05\/1.-Fencing-Day_5-768x575.jpg 768w\" sizes=\"auto, (max-width: 304px) 100vw, 304px\" \/><\/p>\n","protected":false},"excerpt":{"rendered":"<p>Zum ersten Mal haben wir einen Fencing Day (Fechttag) beim MTV veranstaltet. Ziel war es den ganzen Tag dem Fechten zu widmen.\u00a0Den Vormittag gestaltete unser Trainer Stefan Koppenhofer mit vielen verschiedenen \u00dcbungen von Beinarbeit bis Partnerarbeit. Die Mittagspause verbrachten wir in der MTV Gastst\u00e4tte Leon Cavallo Ristorante Pizzeria. Der H\u00f6hepunkt waren am Nachmittag die Frei-Gefechte, [&hellip;]<\/p>\n","protected":false},"author":210,"featured_media":0,"comment_status":"closed","ping_status":"closed","sticky":false,"template":"","format":"standard","meta":{"footnotes":""},"categories":[1],"tags":[],"class_list":["post-416","post","type-post","status-publish","format-standard","hentry","category-allgemein"],"_links":{"self":[{"href":"https:\/\/www.mtv-in.de\/fechten\/wp-json\/wp\/v2\/posts\/416","targetHints":{"allow":["GET"]}}],"collection":[{"href":"https:\/\/www.mtv-in.de\/fechten\/wp-json\/wp\/v2\/posts"}],"about":[{"href":"https:\/\/www.mtv-in.de\/fechten\/wp-json\/wp\/v2\/types\/post"}],"author":[{"embeddable":true,"href":"https:\/\/www.mtv-in.de\/fechten\/wp-json\/wp\/v2\/users\/210"}],"replies":[{"embeddable":true,"href":"https:\/\/www.mtv-in.de\/fechten\/wp-json\/wp\/v2\/comments?post=416"}],"version-history":[{"count":1,"href":"https:\/\/www.mtv-in.de\/fechten\/wp-json\/wp\/v2\/posts\/416\/revisions"}],"predecessor-version":[{"id":422,"href":"https:\/\/www.mtv-in.de\/fechten\/wp-json\/wp\/v2\/posts\/416\/revisions\/422"}],"wp:attachment":[{"href":"https:\/\/www.mtv-in.de\/fechten\/wp-json\/wp\/v2\/media?parent=416"}],"wp:term":[{"taxonomy":"category","embeddable":true,"href":"https:\/\/www.mtv-in.de\/fechten\/wp-json\/wp\/v2\/categories?post=416"},{"taxonomy":"post_tag","embeddable":true,"href":"https:\/\/www.mtv-in.de\/fechten\/wp-json\/wp\/v2\/tags?post=416"}],"curies":[{"name":"wp","href":"https:\/\/api.w.org\/{rel}","templated":true}]}}