{"id":431,"date":"2017-06-30T11:17:29","date_gmt":"2017-06-30T09:17:29","guid":{"rendered":"http:\/\/www.mtv-in.de\/fechten\/?p=431"},"modified":"2017-06-30T11:17:29","modified_gmt":"2017-06-30T09:17:29","slug":"vereinsmeisterschaften-vom-17-juni-2017","status":"publish","type":"post","link":"https:\/\/www.mtv-in.de\/fechten\/2017\/06\/vereinsmeisterschaften-vom-17-juni-2017\/","title":{"rendered":"Vereinsmeisterschaften vom 17. Juni 2017"},"content":{"rendered":"<p>Am Samstag, den 17. Juni fanden die 2. Vereinsmeisterschaften unserer Abteilung statt.<\/p>\n<p>Aufgrund der Ferienzeit war die Teilnahme leider nicht so gro\u00df wie gew\u00fcnscht und urspr\u00fcnglich geplant. Es gab dennoch spannende und teils hitzige Gefechte. Am Ende gab es sowohl bei den Florettfechtern, wie auch bei den Degenfechtern erfolgreiche neue Vereinsmeister\/-innen, s. Turniere.<\/p>\n<p><img loading=\"lazy\" decoding=\"async\" class=\"alignleft  wp-image-432\" src=\"https:\/\/www.mtv-in.de\/fechten\/files\/2017\/06\/image16.jpeg\" alt=\"\" width=\"452\" height=\"340\" srcset=\"https:\/\/www.mtv-in.de\/fechten\/files\/2017\/06\/image16.jpeg 1386w, https:\/\/www.mtv-in.de\/fechten\/files\/2017\/06\/image16-300x225.jpeg 300w, https:\/\/www.mtv-in.de\/fechten\/files\/2017\/06\/image16-768x576.jpeg 768w, https:\/\/www.mtv-in.de\/fechten\/files\/2017\/06\/image16-1024x768.jpeg 1024w\" sizes=\"auto, (max-width: 452px) 100vw, 452px\" \/><\/p>\n","protected":false},"excerpt":{"rendered":"<p>Am Samstag, den 17. Juni fanden die 2. Vereinsmeisterschaften unserer Abteilung statt. Aufgrund der Ferienzeit war die Teilnahme leider nicht so gro\u00df wie gew\u00fcnscht und urspr\u00fcnglich geplant. Es gab dennoch spannende und teils hitzige Gefechte. Am Ende gab es sowohl bei den Florettfechtern, wie auch bei den Degenfechtern erfolgreiche neue Vereinsmeister\/-innen, s. Turniere.<\/p>\n","protected":false},"author":210,"featured_media":0,"comment_status":"closed","ping_status":"closed","sticky":false,"template":"","format":"standard","meta":{"footnotes":""},"categories":[1],"tags":[],"class_list":["post-431","post","type-post","status-publish","format-standard","hentry","category-allgemein"],"_links":{"self":[{"href":"https:\/\/www.mtv-in.de\/fechten\/wp-json\/wp\/v2\/posts\/431","targetHints":{"allow":["GET"]}}],"collection":[{"href":"https:\/\/www.mtv-in.de\/fechten\/wp-json\/wp\/v2\/posts"}],"about":[{"href":"https:\/\/www.mtv-in.de\/fechten\/wp-json\/wp\/v2\/types\/post"}],"author":[{"embeddable":true,"href":"https:\/\/www.mtv-in.de\/fechten\/wp-json\/wp\/v2\/users\/210"}],"replies":[{"embeddable":true,"href":"https:\/\/www.mtv-in.de\/fechten\/wp-json\/wp\/v2\/comments?post=431"}],"version-history":[{"count":2,"href":"https:\/\/www.mtv-in.de\/fechten\/wp-json\/wp\/v2\/posts\/431\/revisions"}],"predecessor-version":[{"id":434,"href":"https:\/\/www.mtv-in.de\/fechten\/wp-json\/wp\/v2\/posts\/431\/revisions\/434"}],"wp:attachment":[{"href":"https:\/\/www.mtv-in.de\/fechten\/wp-json\/wp\/v2\/media?parent=431"}],"wp:term":[{"taxonomy":"category","embeddable":true,"href":"https:\/\/www.mtv-in.de\/fechten\/wp-json\/wp\/v2\/categories?post=431"},{"taxonomy":"post_tag","embeddable":true,"href":"https:\/\/www.mtv-in.de\/fechten\/wp-json\/wp\/v2\/tags?post=431"}],"curies":[{"name":"wp","href":"https:\/\/api.w.org\/{rel}","templated":true}]}}