{"id":464,"date":"2017-07-20T12:04:54","date_gmt":"2017-07-20T10:04:54","guid":{"rendered":"http:\/\/www.mtv-in.de\/fechten\/?p=464"},"modified":"2017-07-20T12:04:54","modified_gmt":"2017-07-20T10:04:54","slug":"fechter-fluechten-aus-der-halle","status":"publish","type":"post","link":"https:\/\/www.mtv-in.de\/fechten\/2017\/07\/fechter-fluechten-aus-der-halle\/","title":{"rendered":"Fechter fl\u00fcchten aus der Halle!"},"content":{"rendered":"<p>Um den hohen Temperaturen zu entkommen, sind die Jugendfechter in den Hindenburgpark zum Aufw\u00e4rmen gejoggt. Nach einem kurzen Dehnprogramm und einem Spiel ging es an die Beinarbeit.<\/p>\n<p>Nichtsdestotrotz ging es anschlie\u00dfend wieder in die Fechterhalle zur\u00fcck f\u00fcr die Partner\u00fcbungen und Besprechung der Kampfrichteraufgaben.<\/p>\n<p><img loading=\"lazy\" decoding=\"async\" class=\"alignleft  wp-image-465\" src=\"https:\/\/www.mtv-in.de\/fechten\/files\/2017\/07\/Jugend-Aufw\u00e4rmen-072017_1.jpeg\" alt=\"\" width=\"267\" height=\"201\" srcset=\"https:\/\/www.mtv-in.de\/fechten\/files\/2017\/07\/Jugend-Aufw\u00e4rmen-072017_1.jpeg 1280w, https:\/\/www.mtv-in.de\/fechten\/files\/2017\/07\/Jugend-Aufw\u00e4rmen-072017_1-300x225.jpeg 300w, https:\/\/www.mtv-in.de\/fechten\/files\/2017\/07\/Jugend-Aufw\u00e4rmen-072017_1-768x576.jpeg 768w, https:\/\/www.mtv-in.de\/fechten\/files\/2017\/07\/Jugend-Aufw\u00e4rmen-072017_1-1024x768.jpeg 1024w\" sizes=\"auto, (max-width: 267px) 100vw, 267px\" \/> <img loading=\"lazy\" decoding=\"async\" class=\"alignleft  wp-image-466\" src=\"https:\/\/www.mtv-in.de\/fechten\/files\/2017\/07\/Jugend-Aufw\u00e4rmen-072017_2.jpeg\" alt=\"\" width=\"263\" height=\"200\" \/><\/p>\n","protected":false},"excerpt":{"rendered":"<p>Um den hohen Temperaturen zu entkommen, sind die Jugendfechter in den Hindenburgpark zum Aufw\u00e4rmen gejoggt. Nach einem kurzen Dehnprogramm und einem Spiel ging es an die Beinarbeit. Nichtsdestotrotz ging es anschlie\u00dfend wieder in die Fechterhalle zur\u00fcck f\u00fcr die Partner\u00fcbungen und Besprechung der Kampfrichteraufgaben.<\/p>\n","protected":false},"author":210,"featured_media":0,"comment_status":"closed","ping_status":"closed","sticky":false,"template":"","format":"standard","meta":{"footnotes":""},"categories":[1],"tags":[],"class_list":["post-464","post","type-post","status-publish","format-standard","hentry","category-allgemein"],"_links":{"self":[{"href":"https:\/\/www.mtv-in.de\/fechten\/wp-json\/wp\/v2\/posts\/464","targetHints":{"allow":["GET"]}}],"collection":[{"href":"https:\/\/www.mtv-in.de\/fechten\/wp-json\/wp\/v2\/posts"}],"about":[{"href":"https:\/\/www.mtv-in.de\/fechten\/wp-json\/wp\/v2\/types\/post"}],"author":[{"embeddable":true,"href":"https:\/\/www.mtv-in.de\/fechten\/wp-json\/wp\/v2\/users\/210"}],"replies":[{"embeddable":true,"href":"https:\/\/www.mtv-in.de\/fechten\/wp-json\/wp\/v2\/comments?post=464"}],"version-history":[{"count":1,"href":"https:\/\/www.mtv-in.de\/fechten\/wp-json\/wp\/v2\/posts\/464\/revisions"}],"predecessor-version":[{"id":467,"href":"https:\/\/www.mtv-in.de\/fechten\/wp-json\/wp\/v2\/posts\/464\/revisions\/467"}],"wp:attachment":[{"href":"https:\/\/www.mtv-in.de\/fechten\/wp-json\/wp\/v2\/media?parent=464"}],"wp:term":[{"taxonomy":"category","embeddable":true,"href":"https:\/\/www.mtv-in.de\/fechten\/wp-json\/wp\/v2\/categories?post=464"},{"taxonomy":"post_tag","embeddable":true,"href":"https:\/\/www.mtv-in.de\/fechten\/wp-json\/wp\/v2\/tags?post=464"}],"curies":[{"name":"wp","href":"https:\/\/api.w.org\/{rel}","templated":true}]}}