{"id":488,"date":"2017-08-15T11:29:09","date_gmt":"2017-08-15T09:29:09","guid":{"rendered":"http:\/\/www.mtv-in.de\/fechten\/?p=488"},"modified":"2017-09-03T11:04:43","modified_gmt":"2017-09-03T09:04:43","slug":"kindertag-in-der-innenstadt-am-16-september-2107","status":"publish","type":"post","link":"https:\/\/www.mtv-in.de\/fechten\/2017\/08\/kindertag-in-der-innenstadt-am-16-september-2107\/","title":{"rendered":"Kindertag in der Innenstadt am 16. September 2107"},"content":{"rendered":"<p>Wie auch in den letzten Jahren werden wir unsere Fechtabteilung beim Kindertag vorstellen. Hierzu finden den ganzen Tag Gefechte in den verschiedenen Waffenkategorien wie Florett und Degen statt, in den unterschiedlichen Altersklassen. Interessierten erkl\u00e4ren wir die Besonderheiten der Waffen und die Voraussetzungen f\u00fcr erfolgreiche Wettk\u00e4mpfe.<\/p>\n<p>Wir werden dieses Jahr einen Teilbereich hinter dem Neuen Rathaus, in der N\u00e4he des Viktualienmarktes zur Verf\u00fcgung haben und dort unsere Fechtbahnen aufbauen.<\/p>\n<p>Wir freuen uns auf jeden jungen und alten Interessierten und bieten Euch an, gerne auch zu einem Schnuppertraining in unsere Fechthalle zu kommen.<\/p>\n","protected":false},"excerpt":{"rendered":"<p>Wie auch in den letzten Jahren werden wir unsere Fechtabteilung beim Kindertag vorstellen. Hierzu finden den ganzen Tag Gefechte in den verschiedenen Waffenkategorien wie Florett und Degen statt, in den unterschiedlichen Altersklassen. Interessierten erkl\u00e4ren wir die Besonderheiten der Waffen und die Voraussetzungen f\u00fcr erfolgreiche Wettk\u00e4mpfe. Wir werden dieses Jahr einen Teilbereich hinter dem Neuen Rathaus, [&hellip;]<\/p>\n","protected":false},"author":210,"featured_media":0,"comment_status":"closed","ping_status":"closed","sticky":false,"template":"","format":"standard","meta":{"footnotes":""},"categories":[1],"tags":[],"class_list":["post-488","post","type-post","status-publish","format-standard","hentry","category-allgemein"],"_links":{"self":[{"href":"https:\/\/www.mtv-in.de\/fechten\/wp-json\/wp\/v2\/posts\/488","targetHints":{"allow":["GET"]}}],"collection":[{"href":"https:\/\/www.mtv-in.de\/fechten\/wp-json\/wp\/v2\/posts"}],"about":[{"href":"https:\/\/www.mtv-in.de\/fechten\/wp-json\/wp\/v2\/types\/post"}],"author":[{"embeddable":true,"href":"https:\/\/www.mtv-in.de\/fechten\/wp-json\/wp\/v2\/users\/210"}],"replies":[{"embeddable":true,"href":"https:\/\/www.mtv-in.de\/fechten\/wp-json\/wp\/v2\/comments?post=488"}],"version-history":[{"count":3,"href":"https:\/\/www.mtv-in.de\/fechten\/wp-json\/wp\/v2\/posts\/488\/revisions"}],"predecessor-version":[{"id":492,"href":"https:\/\/www.mtv-in.de\/fechten\/wp-json\/wp\/v2\/posts\/488\/revisions\/492"}],"wp:attachment":[{"href":"https:\/\/www.mtv-in.de\/fechten\/wp-json\/wp\/v2\/media?parent=488"}],"wp:term":[{"taxonomy":"category","embeddable":true,"href":"https:\/\/www.mtv-in.de\/fechten\/wp-json\/wp\/v2\/categories?post=488"},{"taxonomy":"post_tag","embeddable":true,"href":"https:\/\/www.mtv-in.de\/fechten\/wp-json\/wp\/v2\/tags?post=488"}],"curies":[{"name":"wp","href":"https:\/\/api.w.org\/{rel}","templated":true}]}}