{"id":493,"date":"2017-09-03T11:39:12","date_gmt":"2017-09-03T09:39:12","guid":{"rendered":"http:\/\/www.mtv-in.de\/fechten\/?p=493"},"modified":"2017-09-03T11:41:20","modified_gmt":"2017-09-03T09:41:20","slug":"fechtvorfuehrung-auf-dem-sommerfest-von-airbus-im-schutterhof","status":"publish","type":"post","link":"https:\/\/www.mtv-in.de\/fechten\/2017\/09\/fechtvorfuehrung-auf-dem-sommerfest-von-airbus-im-schutterhof\/","title":{"rendered":"Fechtvorf\u00fchrung auf dem Sommerfest von Airbus im Schutterhof am 01.09.2017"},"content":{"rendered":"<p>Auf Bestreben unseres Fechters Fotios, Mitarbeiter bei Airbus wurden wir eingeladen auf dem Sommerfest eine kleine Fechtvorf\u00fchrung zu zeigen. Leider hat das Wetter nicht mitgespielt und wir konnten nur eine verk\u00fcrzte Bahn unter einem Zelt aufbauen, die immer wieder gereinigt werden musste.<\/p>\n<p><img loading=\"lazy\" decoding=\"async\" class=\"alignleft wp-image-496\" src=\"https:\/\/www.mtv-in.de\/fechten\/files\/2017\/09\/Reinigung.jpg\" alt=\"\" width=\"176\" height=\"232\" \/><\/p>\n<p>&nbsp;<\/p>\n<p>&nbsp;<\/p>\n<p>&nbsp;<\/p>\n<p>&nbsp;<\/p>\n<p>&nbsp;<\/p>\n<p>&nbsp;<\/p>\n<p>Stefan Koppenhofer hat die Moderation \u00fcbernommen, er wurde von Sven Godau unterst\u00fctzt, der bei den Gefechten als Obmann agierte. F\u00fcr die durchaus sehr interessierten Airbus-Mitarbeiter gab es<\/p>\n<p>zu Beginn gab es eine kleine Waffenkunde\u00a0<img loading=\"lazy\" decoding=\"async\" class=\"alignleft wp-image-494\" src=\"https:\/\/www.mtv-in.de\/fechten\/files\/2017\/09\/Waffenkunde.jpg\" alt=\"\" width=\"255\" height=\"192\" srcset=\"https:\/\/www.mtv-in.de\/fechten\/files\/2017\/09\/Waffenkunde.jpg 800w, https:\/\/www.mtv-in.de\/fechten\/files\/2017\/09\/Waffenkunde-300x225.jpg 300w, https:\/\/www.mtv-in.de\/fechten\/files\/2017\/09\/Waffenkunde-768x576.jpg 768w\" sizes=\"auto, (max-width: 255px) 100vw, 255px\" \/><\/p>\n<p>&nbsp;<\/p>\n<p>&nbsp;<\/p>\n<p>&nbsp;<\/p>\n<p>&nbsp;<\/p>\n<p>w\u00e4hrend sich die Fechter aufw\u00e4rmten<\/p>\n<p><img loading=\"lazy\" decoding=\"async\" class=\"alignleft wp-image-495\" src=\"https:\/\/www.mtv-in.de\/fechten\/files\/2017\/09\/Aufw\u00e4rmen.jpg\" alt=\"\" width=\"256\" height=\"193\" srcset=\"https:\/\/www.mtv-in.de\/fechten\/files\/2017\/09\/Aufw\u00e4rmen.jpg 800w, https:\/\/www.mtv-in.de\/fechten\/files\/2017\/09\/Aufw\u00e4rmen-300x225.jpg 300w, https:\/\/www.mtv-in.de\/fechten\/files\/2017\/09\/Aufw\u00e4rmen-768x576.jpg 768w\" sizes=\"auto, (max-width: 256px) 100vw, 256px\" \/><\/p>\n<p>&nbsp;<\/p>\n<p>&nbsp;<\/p>\n<p>&nbsp;<\/p>\n<p>&nbsp;<\/p>\n<p>&nbsp;<\/p>\n<p>Sowohl mit Degen (linkes Bild), als auch mit Florett (rechtes Bild) zeigten wir Partner\u00fcbungen, die von Stefan kommentiert wurden. Er erkl\u00e4rte die einzelnen Aktionen, um den Zuschauern Fechten n\u00e4her zu bringen und sie letztendlich daf\u00fcr zu begeistern.<\/p>\n<p><img loading=\"lazy\" decoding=\"async\" class=\"alignleft wp-image-497\" src=\"https:\/\/www.mtv-in.de\/fechten\/files\/2017\/09\/Degen-Partner\u00fcbung.jpg\" alt=\"\" width=\"233\" height=\"176\" srcset=\"https:\/\/www.mtv-in.de\/fechten\/files\/2017\/09\/Degen-Partner\u00fcbung.jpg 800w, https:\/\/www.mtv-in.de\/fechten\/files\/2017\/09\/Degen-Partner\u00fcbung-300x225.jpg 300w, https:\/\/www.mtv-in.de\/fechten\/files\/2017\/09\/Degen-Partner\u00fcbung-768x576.jpg 768w\" sizes=\"auto, (max-width: 233px) 100vw, 233px\" \/><\/p>\n<p>&nbsp;<\/p>\n<p>&nbsp;<\/p>\n<p><img loading=\"lazy\" decoding=\"async\" class=\"alignleft wp-image-498\" src=\"https:\/\/www.mtv-in.de\/fechten\/files\/2017\/09\/Florett-Partner\u00fcbung.jpg\" alt=\"\" width=\"239\" height=\"182\" \/><\/p>\n<p>&nbsp;<\/p>\n<p>&nbsp;<\/p>\n<p>&nbsp;<\/p>\n<p>&nbsp;<\/p>\n<p>&nbsp;<\/p>\n<p>Stefan hat unserem Degenfechter Dirk Lektionen erteilt. Dazu zog er sich die spezielle Trainerjacke an, sodass Dirk gezielte Treffer vorf\u00fchren konnte. Auch hier staunten die Airbus-Mitarbeiter nicht schlecht, wie konzentriert ein Fechter vorgehen muss und mit wie viel Geschick und Beweglichkeit er agiert.<\/p>\n<p><img loading=\"lazy\" decoding=\"async\" class=\"alignleft size-full wp-image-500\" src=\"https:\/\/www.mtv-in.de\/fechten\/files\/2017\/09\/Lektionen.jpg\" alt=\"\" width=\"800\" height=\"600\" srcset=\"https:\/\/www.mtv-in.de\/fechten\/files\/2017\/09\/Lektionen.jpg 800w, https:\/\/www.mtv-in.de\/fechten\/files\/2017\/09\/Lektionen-300x225.jpg 300w, https:\/\/www.mtv-in.de\/fechten\/files\/2017\/09\/Lektionen-768x576.jpg 768w\" sizes=\"auto, (max-width: 800px) 100vw, 800px\" \/><\/p>\n<p>Im Anschlu\u00df folgten noch die jeweiligen Gefechte mit Degen und Florett, in denen wir zeigten, wie schnell tats\u00e4chlich im Kampf gefochten wird.<\/p>\n<p><img loading=\"lazy\" decoding=\"async\" class=\"alignleft size-full wp-image-499\" src=\"https:\/\/www.mtv-in.de\/fechten\/files\/2017\/09\/Florett-Gefecht.jpg\" alt=\"\" width=\"800\" height=\"600\" srcset=\"https:\/\/www.mtv-in.de\/fechten\/files\/2017\/09\/Florett-Gefecht.jpg 800w, https:\/\/www.mtv-in.de\/fechten\/files\/2017\/09\/Florett-Gefecht-300x225.jpg 300w, https:\/\/www.mtv-in.de\/fechten\/files\/2017\/09\/Florett-Gefecht-768x576.jpg 768w\" sizes=\"auto, (max-width: 800px) 100vw, 800px\" \/><\/p>\n<p>&nbsp;<\/p>\n<p>&nbsp;<\/p>\n<p>Wer wollte, konnte sich im Anschluss eine mechanische Waffe nehmen und Sto\u00df\u00fcbungen auf Stefan machen, nat\u00fcrlich gesch\u00fctzt durch die Trainerjacke.<\/p>\n<p>Trotz des Regens\u00a0konnten wir in der vorgegebenen Zeit eindrucksvoll demonstrieren, warum der Fechtsport so einzigartig ist und wir alle trotz der Anstrengung mit viel Spa\u00df dabei sind.<\/p>\n<p>Als Dank wurden wir von Airbus zum Essen eingeladen und haben f\u00fcr unsere Jugend S\u00fc\u00dfigkeiten erhalten.<\/p>\n<p>&nbsp;<\/p>\n","protected":false},"excerpt":{"rendered":"<p>Auf Bestreben unseres Fechters Fotios, Mitarbeiter bei Airbus wurden wir eingeladen auf dem Sommerfest eine kleine Fechtvorf\u00fchrung zu zeigen. Leider hat das Wetter nicht mitgespielt und wir konnten nur eine verk\u00fcrzte Bahn unter einem Zelt aufbauen, die immer wieder gereinigt werden musste. &nbsp; &nbsp; &nbsp; &nbsp; &nbsp; &nbsp; Stefan Koppenhofer hat die Moderation \u00fcbernommen, er [&hellip;]<\/p>\n","protected":false},"author":210,"featured_media":0,"comment_status":"closed","ping_status":"closed","sticky":false,"template":"","format":"standard","meta":{"footnotes":""},"categories":[1],"tags":[],"class_list":["post-493","post","type-post","status-publish","format-standard","hentry","category-allgemein"],"_links":{"self":[{"href":"https:\/\/www.mtv-in.de\/fechten\/wp-json\/wp\/v2\/posts\/493","targetHints":{"allow":["GET"]}}],"collection":[{"href":"https:\/\/www.mtv-in.de\/fechten\/wp-json\/wp\/v2\/posts"}],"about":[{"href":"https:\/\/www.mtv-in.de\/fechten\/wp-json\/wp\/v2\/types\/post"}],"author":[{"embeddable":true,"href":"https:\/\/www.mtv-in.de\/fechten\/wp-json\/wp\/v2\/users\/210"}],"replies":[{"embeddable":true,"href":"https:\/\/www.mtv-in.de\/fechten\/wp-json\/wp\/v2\/comments?post=493"}],"version-history":[{"count":3,"href":"https:\/\/www.mtv-in.de\/fechten\/wp-json\/wp\/v2\/posts\/493\/revisions"}],"predecessor-version":[{"id":503,"href":"https:\/\/www.mtv-in.de\/fechten\/wp-json\/wp\/v2\/posts\/493\/revisions\/503"}],"wp:attachment":[{"href":"https:\/\/www.mtv-in.de\/fechten\/wp-json\/wp\/v2\/media?parent=493"}],"wp:term":[{"taxonomy":"category","embeddable":true,"href":"https:\/\/www.mtv-in.de\/fechten\/wp-json\/wp\/v2\/categories?post=493"},{"taxonomy":"post_tag","embeddable":true,"href":"https:\/\/www.mtv-in.de\/fechten\/wp-json\/wp\/v2\/tags?post=493"}],"curies":[{"name":"wp","href":"https:\/\/api.w.org\/{rel}","templated":true}]}}