{"id":506,"date":"2017-09-24T16:06:38","date_gmt":"2017-09-24T14:06:38","guid":{"rendered":"http:\/\/www.mtv-in.de\/fechten\/?p=506"},"modified":"2017-09-24T16:06:38","modified_gmt":"2017-09-24T14:06:38","slug":"kindertag-in-ingolstadt-am-16-september-2017","status":"publish","type":"post","link":"https:\/\/www.mtv-in.de\/fechten\/2017\/09\/kindertag-in-ingolstadt-am-16-september-2017\/","title":{"rendered":"Kindertag in Ingolstadt am 16. September 2017"},"content":{"rendered":"<p>Wie auch schon vor 2 Jahren, waren wir mit unserer Abteilung am Rathausplatz, im Durchgang zum Viktualienplatz vertreten. Um den interessierten Kindern und ihren Eltern die Vielf\u00e4ltigkeit des Fechtsports demonstrieren zu k\u00f6nnen, waren Florett- und Degenfechter verschiedener Altersgruppen anwesend. In Gefechten auf 5 Treffer zeigten wir unser K\u00f6nnen und erkl\u00e4rten den Kindern bei jedem Treffer die Technik und Taktik. Die Kinder durften die Waffen und die Ausr\u00fcstung anfassen und auch selber mal eine Waffe in die Hand nehmen. Im Rahmen von Lektionen konnten sie erkennen, auf was es beim Fechten ankommt und wie lange teilweise eine Aktion ge\u00fcbt werden muss, bevor sie sitzt. Wir haben uns trotz des schlechten Wetters, \u00fcber das gro\u00dfe Interesse gefreut und hoffen, dass viele neue Fechter bei uns reinschnuppern werden.<\/p>\n<p>&nbsp;<\/p>\n<p><img loading=\"lazy\" decoding=\"async\" class=\"alignleft size-full wp-image-511\" src=\"https:\/\/www.mtv-in.de\/fechten\/files\/2017\/09\/IMG-20170922-WA0013_resized.jpg\" alt=\"\" width=\"475\" height=\"317\" srcset=\"https:\/\/www.mtv-in.de\/fechten\/files\/2017\/09\/IMG-20170922-WA0013_resized.jpg 475w, https:\/\/www.mtv-in.de\/fechten\/files\/2017\/09\/IMG-20170922-WA0013_resized-300x200.jpg 300w\" sizes=\"auto, (max-width: 475px) 100vw, 475px\" \/><\/p>\n<p>&nbsp;<\/p>\n<p>&nbsp;<\/p>\n<p>&nbsp;<\/p>\n<p>&nbsp;<\/p>\n<p>&nbsp;<\/p>\n<p>&nbsp;<\/p>\n<p>&nbsp;<\/p>\n<p>&nbsp;<\/p>\n<p>&nbsp;<\/p>\n<p><img loading=\"lazy\" decoding=\"async\" class=\"alignleft size-full wp-image-512\" src=\"https:\/\/www.mtv-in.de\/fechten\/files\/2017\/09\/IMG-20170922-WA0015_resized_1.jpg\" alt=\"\" width=\"475\" height=\"317\" srcset=\"https:\/\/www.mtv-in.de\/fechten\/files\/2017\/09\/IMG-20170922-WA0015_resized_1.jpg 475w, https:\/\/www.mtv-in.de\/fechten\/files\/2017\/09\/IMG-20170922-WA0015_resized_1-300x200.jpg 300w\" sizes=\"auto, (max-width: 475px) 100vw, 475px\" \/><\/p>\n<p>&nbsp;<\/p>\n<p>&nbsp;<\/p>\n<p><img loading=\"lazy\" decoding=\"async\" class=\"alignleft  wp-image-507\" src=\"https:\/\/www.mtv-in.de\/fechten\/files\/2017\/09\/IMG-20170922-WA0010_resized.jpg\" alt=\"\" width=\"280\" height=\"165\" \/><\/p>\n","protected":false},"excerpt":{"rendered":"<p>Wie auch schon vor 2 Jahren, waren wir mit unserer Abteilung am Rathausplatz, im Durchgang zum Viktualienplatz vertreten. Um den interessierten Kindern und ihren Eltern die Vielf\u00e4ltigkeit des Fechtsports demonstrieren zu k\u00f6nnen, waren Florett- und Degenfechter verschiedener Altersgruppen anwesend. In Gefechten auf 5 Treffer zeigten wir unser K\u00f6nnen und erkl\u00e4rten den Kindern bei jedem Treffer [&hellip;]<\/p>\n","protected":false},"author":210,"featured_media":0,"comment_status":"closed","ping_status":"closed","sticky":false,"template":"","format":"standard","meta":{"footnotes":""},"categories":[1],"tags":[],"class_list":["post-506","post","type-post","status-publish","format-standard","hentry","category-allgemein"],"_links":{"self":[{"href":"https:\/\/www.mtv-in.de\/fechten\/wp-json\/wp\/v2\/posts\/506","targetHints":{"allow":["GET"]}}],"collection":[{"href":"https:\/\/www.mtv-in.de\/fechten\/wp-json\/wp\/v2\/posts"}],"about":[{"href":"https:\/\/www.mtv-in.de\/fechten\/wp-json\/wp\/v2\/types\/post"}],"author":[{"embeddable":true,"href":"https:\/\/www.mtv-in.de\/fechten\/wp-json\/wp\/v2\/users\/210"}],"replies":[{"embeddable":true,"href":"https:\/\/www.mtv-in.de\/fechten\/wp-json\/wp\/v2\/comments?post=506"}],"version-history":[{"count":2,"href":"https:\/\/www.mtv-in.de\/fechten\/wp-json\/wp\/v2\/posts\/506\/revisions"}],"predecessor-version":[{"id":513,"href":"https:\/\/www.mtv-in.de\/fechten\/wp-json\/wp\/v2\/posts\/506\/revisions\/513"}],"wp:attachment":[{"href":"https:\/\/www.mtv-in.de\/fechten\/wp-json\/wp\/v2\/media?parent=506"}],"wp:term":[{"taxonomy":"category","embeddable":true,"href":"https:\/\/www.mtv-in.de\/fechten\/wp-json\/wp\/v2\/categories?post=506"},{"taxonomy":"post_tag","embeddable":true,"href":"https:\/\/www.mtv-in.de\/fechten\/wp-json\/wp\/v2\/tags?post=506"}],"curies":[{"name":"wp","href":"https:\/\/api.w.org\/{rel}","templated":true}]}}