{"id":531,"date":"2017-10-22T20:30:07","date_gmt":"2017-10-22T18:30:07","guid":{"rendered":"http:\/\/www.mtv-in.de\/fechten\/?p=531"},"modified":"2017-10-22T20:30:07","modified_gmt":"2017-10-22T18:30:07","slug":"wir-haben-seit-kurzem-drei-neue-sportassistenten","status":"publish","type":"post","link":"https:\/\/www.mtv-in.de\/fechten\/2017\/10\/wir-haben-seit-kurzem-drei-neue-sportassistenten\/","title":{"rendered":"Wir haben seit Kurzem drei neue Sportassistenten!"},"content":{"rendered":"<p>Am Ende eines spannenden und teils auch schwei\u00dftreibenden Ausbildungswochenendes haben <strong>Gwen Ress, Veronika Heinle <\/strong>und<strong> Dirk Marko<\/strong> erfolgreich in der Abschlusspr\u00fcfung gezeigt, dass sie nicht nur wissen, wie ein interessantes und effektives Fechttraining aussieht, sondern dieses Wissen auch umsetzen k\u00f6nnen.<\/p>\n<p>Die drei nahmen an der 3-t\u00e4gigen Ausbildung im Sportcamp Inzell teil und bestanden alle die Pr\u00fcfungen.<\/p>\n<p>Jetzt m\u00fcssen Gwen, Veronika und Dirk noch 15 mal 30 Minuten im Training mitagieren, dann sind sie offizielle Trainerassistenten. Haupts\u00e4chlich werden sie immer wieder das Aufw\u00e4rmprogramm und leichte Lektionen \u00fcbernehmen.<\/p>\n<p>Damit haben Stefan und Sven k\u00fcnftig kompetente Verst\u00e4rkung an ihrer Seite.<\/p>\n<p><img loading=\"lazy\" decoding=\"async\" class=\"alignleft wp-image-532\" src=\"https:\/\/www.mtv-in.de\/fechten\/files\/2017\/10\/image10.jpeg\" alt=\"\" width=\"193\" height=\"255\" \/><\/p>\n<p>&nbsp;<\/p>\n<p>&nbsp;<\/p>\n<p><img loading=\"lazy\" decoding=\"async\" class=\"alignleft wp-image-533\" src=\"https:\/\/www.mtv-in.de\/fechten\/files\/2017\/10\/image9.jpeg\" alt=\"\" width=\"186\" height=\"244\" \/><\/p>\n<p>&nbsp;<\/p>\n<p>&nbsp;<\/p>\n<p>&nbsp;<\/p>\n<p>&nbsp;<\/p>\n<p>&nbsp;<\/p>\n<p>&nbsp;<\/p>\n<p>&nbsp;<\/p>\n<p><img loading=\"lazy\" decoding=\"async\" class=\"alignleft wp-image-535\" src=\"https:\/\/www.mtv-in.de\/fechten\/files\/2017\/10\/Gwen_1.jpeg\" alt=\"\" width=\"287\" height=\"218\" \/><\/p>\n<p>&nbsp;<\/p>\n<p>&nbsp;<\/p>\n<p>&nbsp;<\/p>\n<p><img loading=\"lazy\" decoding=\"async\" class=\"alignleft wp-image-536\" src=\"https:\/\/www.mtv-in.de\/fechten\/files\/2017\/10\/image1.jpeg\" alt=\"\" width=\"190\" height=\"251\" \/><\/p>\n<p>&nbsp;<\/p>\n<p><img loading=\"lazy\" decoding=\"async\" class=\"alignleft wp-image-534\" src=\"https:\/\/www.mtv-in.de\/fechten\/files\/2017\/10\/Dirk_1.jpeg\" alt=\"\" width=\"206\" height=\"272\" \/><\/p>\n","protected":false},"excerpt":{"rendered":"<p>Am Ende eines spannenden und teils auch schwei\u00dftreibenden Ausbildungswochenendes haben Gwen Ress, Veronika Heinle und Dirk Marko erfolgreich in der Abschlusspr\u00fcfung gezeigt, dass sie nicht nur wissen, wie ein interessantes und effektives Fechttraining aussieht, sondern dieses Wissen auch umsetzen k\u00f6nnen. Die drei nahmen an der 3-t\u00e4gigen Ausbildung im Sportcamp Inzell teil und bestanden alle die [&hellip;]<\/p>\n","protected":false},"author":210,"featured_media":0,"comment_status":"closed","ping_status":"closed","sticky":false,"template":"","format":"standard","meta":{"footnotes":""},"categories":[1],"tags":[],"class_list":["post-531","post","type-post","status-publish","format-standard","hentry","category-allgemein"],"_links":{"self":[{"href":"https:\/\/www.mtv-in.de\/fechten\/wp-json\/wp\/v2\/posts\/531","targetHints":{"allow":["GET"]}}],"collection":[{"href":"https:\/\/www.mtv-in.de\/fechten\/wp-json\/wp\/v2\/posts"}],"about":[{"href":"https:\/\/www.mtv-in.de\/fechten\/wp-json\/wp\/v2\/types\/post"}],"author":[{"embeddable":true,"href":"https:\/\/www.mtv-in.de\/fechten\/wp-json\/wp\/v2\/users\/210"}],"replies":[{"embeddable":true,"href":"https:\/\/www.mtv-in.de\/fechten\/wp-json\/wp\/v2\/comments?post=531"}],"version-history":[{"count":2,"href":"https:\/\/www.mtv-in.de\/fechten\/wp-json\/wp\/v2\/posts\/531\/revisions"}],"predecessor-version":[{"id":575,"href":"https:\/\/www.mtv-in.de\/fechten\/wp-json\/wp\/v2\/posts\/531\/revisions\/575"}],"wp:attachment":[{"href":"https:\/\/www.mtv-in.de\/fechten\/wp-json\/wp\/v2\/media?parent=531"}],"wp:term":[{"taxonomy":"category","embeddable":true,"href":"https:\/\/www.mtv-in.de\/fechten\/wp-json\/wp\/v2\/categories?post=531"},{"taxonomy":"post_tag","embeddable":true,"href":"https:\/\/www.mtv-in.de\/fechten\/wp-json\/wp\/v2\/tags?post=531"}],"curies":[{"name":"wp","href":"https:\/\/api.w.org\/{rel}","templated":true}]}}