{"id":542,"date":"2017-11-02T12:12:18","date_gmt":"2017-11-02T11:12:18","guid":{"rendered":"http:\/\/www.mtv-in.de\/fechten\/?p=542"},"modified":"2017-11-02T12:12:18","modified_gmt":"2017-11-02T11:12:18","slug":"ois-guade-zum-80-geburtstag-walter-singer","status":"publish","type":"post","link":"https:\/\/www.mtv-in.de\/fechten\/2017\/11\/ois-guade-zum-80-geburtstag-walter-singer\/","title":{"rendered":"Ois Guade zum 80. Geburtstag Walter Singer!"},"content":{"rendered":"<p>Unser langj\u00e4hriges Mitglied feierte seinen Geburtstag in der Antoniusschwaige Ingolstadt\u00a0 am 29.10.17. Neben Sven und Stefan waren viele ehemalige Fechterinnen und Fechter aus dem Zeitraum um 1980 anwesend, die Wiedersehensfreude war gro\u00df.<\/p>\n<p>Danke Walter f\u00fcr die lange und aufw\u00e4ndige Organisation dieser Feier,<br \/>\nwer wei\u00df, vielleicht sehen wir den einen oder anderen bald wieder im Training.<img loading=\"lazy\" decoding=\"async\" class=\"alignleft  wp-image-543\" src=\"https:\/\/www.mtv-in.de\/fechten\/files\/2017\/11\/Gruppenfoto-Geb-WSinger.jpeg\" alt=\"\" width=\"609\" height=\"347\" \/><\/p>\n<p>&nbsp;<\/p>\n<p>&nbsp;<\/p>\n<p>&nbsp;<\/p>\n<p>&nbsp;<\/p>\n<p>&nbsp;<\/p>\n<p>&nbsp;<\/p>\n<p>&nbsp;<\/p>\n<p><img loading=\"lazy\" decoding=\"async\" class=\"alignleft  wp-image-544\" src=\"https:\/\/www.mtv-in.de\/fechten\/files\/2017\/11\/Geburtstag-Walter-Singer.jpeg\" alt=\"\" width=\"602\" height=\"405\" \/><\/p>\n<p>&nbsp;<\/p>\n<p>&nbsp;<\/p>\n<p>&nbsp;<\/p>\n<p>&nbsp;<\/p>\n<p>&nbsp;<\/p>\n<p>&nbsp;<\/p>\n<p>&nbsp;<\/p>\n<p>&nbsp;<\/p>\n<p>&nbsp;<\/p>\n<p>&nbsp;<\/p>\n<p>&nbsp;<\/p>\n<p>Nicht zu vergessen\u00a0 ist unsere Eva Knabl von der B\u00e4ckerei Knabl in Gaimersheim. F\u00fcr das Geburtstagskind hat sie extra eine Torte kreiert &#8230; zum Dahinschmelzen.<img loading=\"lazy\" decoding=\"async\" class=\"alignleft  wp-image-545\" src=\"https:\/\/www.mtv-in.de\/fechten\/files\/2017\/11\/Torte-MTV.jpeg\" alt=\"\" width=\"268\" height=\"470\" \/><\/p>\n<p>&nbsp;<\/p>\n<p>&nbsp;<\/p>\n<p>&nbsp;<\/p>\n<p>&nbsp;<\/p>\n<p>&nbsp;<\/p>\n<p>&nbsp;<\/p>\n<p>&nbsp;<\/p>\n<p>&nbsp;<\/p>\n<p>&nbsp;<\/p>\n<p>&nbsp;<\/p>\n<p>&nbsp;<\/p>\n","protected":false},"excerpt":{"rendered":"<p>Unser langj\u00e4hriges Mitglied feierte seinen Geburtstag in der Antoniusschwaige Ingolstadt\u00a0 am 29.10.17. Neben Sven und Stefan waren viele ehemalige Fechterinnen und Fechter aus dem Zeitraum um 1980 anwesend, die Wiedersehensfreude war gro\u00df. Danke Walter f\u00fcr die lange und aufw\u00e4ndige Organisation dieser Feier, wer wei\u00df, vielleicht sehen wir den einen oder anderen bald wieder im Training. [&hellip;]<\/p>\n","protected":false},"author":210,"featured_media":0,"comment_status":"closed","ping_status":"closed","sticky":false,"template":"","format":"standard","meta":{"footnotes":""},"categories":[1],"tags":[],"class_list":["post-542","post","type-post","status-publish","format-standard","hentry","category-allgemein"],"_links":{"self":[{"href":"https:\/\/www.mtv-in.de\/fechten\/wp-json\/wp\/v2\/posts\/542","targetHints":{"allow":["GET"]}}],"collection":[{"href":"https:\/\/www.mtv-in.de\/fechten\/wp-json\/wp\/v2\/posts"}],"about":[{"href":"https:\/\/www.mtv-in.de\/fechten\/wp-json\/wp\/v2\/types\/post"}],"author":[{"embeddable":true,"href":"https:\/\/www.mtv-in.de\/fechten\/wp-json\/wp\/v2\/users\/210"}],"replies":[{"embeddable":true,"href":"https:\/\/www.mtv-in.de\/fechten\/wp-json\/wp\/v2\/comments?post=542"}],"version-history":[{"count":8,"href":"https:\/\/www.mtv-in.de\/fechten\/wp-json\/wp\/v2\/posts\/542\/revisions"}],"predecessor-version":[{"id":553,"href":"https:\/\/www.mtv-in.de\/fechten\/wp-json\/wp\/v2\/posts\/542\/revisions\/553"}],"wp:attachment":[{"href":"https:\/\/www.mtv-in.de\/fechten\/wp-json\/wp\/v2\/media?parent=542"}],"wp:term":[{"taxonomy":"category","embeddable":true,"href":"https:\/\/www.mtv-in.de\/fechten\/wp-json\/wp\/v2\/categories?post=542"},{"taxonomy":"post_tag","embeddable":true,"href":"https:\/\/www.mtv-in.de\/fechten\/wp-json\/wp\/v2\/tags?post=542"}],"curies":[{"name":"wp","href":"https:\/\/api.w.org\/{rel}","templated":true}]}}