{"id":616,"date":"2018-02-02T11:22:12","date_gmt":"2018-02-02T10:22:12","guid":{"rendered":"http:\/\/www.mtv-in.de\/fechten\/?p=616"},"modified":"2018-02-02T11:22:12","modified_gmt":"2018-02-02T10:22:12","slug":"neujahrsfeier-fand-am-21-januar-in-der-mtv-gaststaette-statt","status":"publish","type":"post","link":"https:\/\/www.mtv-in.de\/fechten\/2018\/02\/neujahrsfeier-fand-am-21-januar-in-der-mtv-gaststaette-statt\/","title":{"rendered":"Neujahrsfeier fand am 21. Januar in der MTV-Gastst\u00e4tte statt"},"content":{"rendered":"<p>Nachdem wir es aus terminlichen Gr\u00fcnden nicht geschafft hatten, letztes Jahr noch eine Weihnachtsfeier zu organisieren, hatten wir uns f\u00fcr eine Neujahrsfeier entschieden. Eingeladen waren alle Fechter, jung und alt, mit und ohne Begleitung.<\/p>\n<p>Sven bedankte sich bei allen Anwesenden f\u00fcr ihr Kommen, w\u00fcnschte einen sch\u00f6nen Abend und \u00fcbergab dann an Stefan, der einen ausf\u00fchrlichen Bericht \u00fcber die abgeschlossene, durchaus erfolgreiche Saison gab. Er informierte auch \u00fcber anstehende Neuerungen und gab einen kurzen \u00dcberblick \u00fcber die Turniere 2018.<\/p>\n<p><img loading=\"lazy\" decoding=\"async\" class=\"alignleft size-large wp-image-617\" src=\"https:\/\/www.mtv-in.de\/fechten\/files\/2018\/02\/Neujahrsfeier-2018-1024x768.jpg\" alt=\"\" width=\"688\" height=\"516\" srcset=\"https:\/\/www.mtv-in.de\/fechten\/files\/2018\/02\/Neujahrsfeier-2018-1024x768.jpg 1024w, https:\/\/www.mtv-in.de\/fechten\/files\/2018\/02\/Neujahrsfeier-2018-300x225.jpg 300w, https:\/\/www.mtv-in.de\/fechten\/files\/2018\/02\/Neujahrsfeier-2018-768x576.jpg 768w, https:\/\/www.mtv-in.de\/fechten\/files\/2018\/02\/Neujahrsfeier-2018.jpg 1040w\" sizes=\"auto, (max-width: 688px) 100vw, 688px\" \/><\/p>\n","protected":false},"excerpt":{"rendered":"<p>Nachdem wir es aus terminlichen Gr\u00fcnden nicht geschafft hatten, letztes Jahr noch eine Weihnachtsfeier zu organisieren, hatten wir uns f\u00fcr eine Neujahrsfeier entschieden. Eingeladen waren alle Fechter, jung und alt, mit und ohne Begleitung. Sven bedankte sich bei allen Anwesenden f\u00fcr ihr Kommen, w\u00fcnschte einen sch\u00f6nen Abend und \u00fcbergab dann an Stefan, der einen ausf\u00fchrlichen [&hellip;]<\/p>\n","protected":false},"author":210,"featured_media":0,"comment_status":"closed","ping_status":"closed","sticky":false,"template":"","format":"standard","meta":{"footnotes":""},"categories":[1],"tags":[],"class_list":["post-616","post","type-post","status-publish","format-standard","hentry","category-allgemein"],"_links":{"self":[{"href":"https:\/\/www.mtv-in.de\/fechten\/wp-json\/wp\/v2\/posts\/616","targetHints":{"allow":["GET"]}}],"collection":[{"href":"https:\/\/www.mtv-in.de\/fechten\/wp-json\/wp\/v2\/posts"}],"about":[{"href":"https:\/\/www.mtv-in.de\/fechten\/wp-json\/wp\/v2\/types\/post"}],"author":[{"embeddable":true,"href":"https:\/\/www.mtv-in.de\/fechten\/wp-json\/wp\/v2\/users\/210"}],"replies":[{"embeddable":true,"href":"https:\/\/www.mtv-in.de\/fechten\/wp-json\/wp\/v2\/comments?post=616"}],"version-history":[{"count":1,"href":"https:\/\/www.mtv-in.de\/fechten\/wp-json\/wp\/v2\/posts\/616\/revisions"}],"predecessor-version":[{"id":618,"href":"https:\/\/www.mtv-in.de\/fechten\/wp-json\/wp\/v2\/posts\/616\/revisions\/618"}],"wp:attachment":[{"href":"https:\/\/www.mtv-in.de\/fechten\/wp-json\/wp\/v2\/media?parent=616"}],"wp:term":[{"taxonomy":"category","embeddable":true,"href":"https:\/\/www.mtv-in.de\/fechten\/wp-json\/wp\/v2\/categories?post=616"},{"taxonomy":"post_tag","embeddable":true,"href":"https:\/\/www.mtv-in.de\/fechten\/wp-json\/wp\/v2\/tags?post=616"}],"curies":[{"name":"wp","href":"https:\/\/api.w.org\/{rel}","templated":true}]}}