{"id":642,"date":"2018-03-13T19:41:08","date_gmt":"2018-03-13T18:41:08","guid":{"rendered":"http:\/\/www.mtv-in.de\/fechten\/?p=642"},"modified":"2018-03-13T19:42:10","modified_gmt":"2018-03-13T18:42:10","slug":"abteilungs-neuwahlen-am-06-03-2018","status":"publish","type":"post","link":"https:\/\/www.mtv-in.de\/fechten\/2018\/03\/abteilungs-neuwahlen-am-06-03-2018\/","title":{"rendered":"Abteilungs-Neuwahlen am 06.03.2018"},"content":{"rendered":"<p>Wir bedanken uns f\u00fcr die Arbeit des letzten Vorstandes der Fechtabteilung und w\u00fcnschen den Neugew\u00e4hlten gutes Gelingen.<br \/>\nDas ist unsere neue Aufstellung:<\/p>\n<p>1. Abteilungsleiter:\u00a0 \u00a0 \u00a0 Sven Godau<br \/>\nStellvertreterin:\u00a0 \u00a0 \u00a0 \u00a0 \u00a0 \u00a0 Heike D\u00fctsch<br \/>\nKassier:\u00a0\u00a0\u00a0\u00a0\u00a0\u00a0\u00a0\u00a0\u00a0\u00a0\u00a0\u00a0\u00a0\u00a0\u00a0\u00a0\u00a0\u00a0\u00a0\u00a0\u00a0\u00a0 Dirk Marko<br \/>\nJugendleiter:\u00a0\u00a0\u00a0\u00a0\u00a0\u00a0\u00a0\u00a0\u00a0\u00a0\u00a0\u00a0\u00a0\u00a0 Stefan Koppenhofer<br \/>\nWaffenwart:\u00a0 \u00a0 \u00a0 \u00a0 \u00a0 \u00a0 \u00a0 \u00a0 \u00a0Arno Steinbinder<br \/>\nMaterialwart:\u00a0 \u00a0 \u00a0 \u00a0 \u00a0 \u00a0 \u00a0 \u00a0Fotios Katsilieris<br \/>\nSchriftf\u00fchrer:\u00a0 \u00a0 \u00a0 \u00a0 \u00a0 \u00a0 \u00a0 \u00a0Kevin Nieporte<\/p>\n<p>Auf gute Zusammenarbeit!<\/p>\n","protected":false},"excerpt":{"rendered":"<p>Wir bedanken uns f\u00fcr die Arbeit des letzten Vorstandes der Fechtabteilung und w\u00fcnschen den Neugew\u00e4hlten gutes Gelingen. Das ist unsere neue Aufstellung: 1. Abteilungsleiter:\u00a0 \u00a0 \u00a0 Sven Godau Stellvertreterin:\u00a0 \u00a0 \u00a0 \u00a0 \u00a0 \u00a0 Heike D\u00fctsch Kassier:\u00a0\u00a0\u00a0\u00a0\u00a0\u00a0\u00a0\u00a0\u00a0\u00a0\u00a0\u00a0\u00a0\u00a0\u00a0\u00a0\u00a0\u00a0\u00a0\u00a0\u00a0\u00a0 Dirk Marko Jugendleiter:\u00a0\u00a0\u00a0\u00a0\u00a0\u00a0\u00a0\u00a0\u00a0\u00a0\u00a0\u00a0\u00a0\u00a0 Stefan Koppenhofer Waffenwart:\u00a0 \u00a0 \u00a0 \u00a0 \u00a0 \u00a0 \u00a0 \u00a0 \u00a0Arno Steinbinder Materialwart:\u00a0 \u00a0 \u00a0 [&hellip;]<\/p>\n","protected":false},"author":305,"featured_media":0,"comment_status":"closed","ping_status":"closed","sticky":false,"template":"","format":"standard","meta":{"footnotes":""},"categories":[1],"tags":[],"class_list":["post-642","post","type-post","status-publish","format-standard","hentry","category-allgemein"],"_links":{"self":[{"href":"https:\/\/www.mtv-in.de\/fechten\/wp-json\/wp\/v2\/posts\/642","targetHints":{"allow":["GET"]}}],"collection":[{"href":"https:\/\/www.mtv-in.de\/fechten\/wp-json\/wp\/v2\/posts"}],"about":[{"href":"https:\/\/www.mtv-in.de\/fechten\/wp-json\/wp\/v2\/types\/post"}],"author":[{"embeddable":true,"href":"https:\/\/www.mtv-in.de\/fechten\/wp-json\/wp\/v2\/users\/305"}],"replies":[{"embeddable":true,"href":"https:\/\/www.mtv-in.de\/fechten\/wp-json\/wp\/v2\/comments?post=642"}],"version-history":[{"count":2,"href":"https:\/\/www.mtv-in.de\/fechten\/wp-json\/wp\/v2\/posts\/642\/revisions"}],"predecessor-version":[{"id":645,"href":"https:\/\/www.mtv-in.de\/fechten\/wp-json\/wp\/v2\/posts\/642\/revisions\/645"}],"wp:attachment":[{"href":"https:\/\/www.mtv-in.de\/fechten\/wp-json\/wp\/v2\/media?parent=642"}],"wp:term":[{"taxonomy":"category","embeddable":true,"href":"https:\/\/www.mtv-in.de\/fechten\/wp-json\/wp\/v2\/categories?post=642"},{"taxonomy":"post_tag","embeddable":true,"href":"https:\/\/www.mtv-in.de\/fechten\/wp-json\/wp\/v2\/tags?post=642"}],"curies":[{"name":"wp","href":"https:\/\/api.w.org\/{rel}","templated":true}]}}