{"id":700,"date":"2018-07-31T19:58:39","date_gmt":"2018-07-31T17:58:39","guid":{"rendered":"http:\/\/www.mtv-in.de\/fechten\/?p=700"},"modified":"2018-07-31T19:58:39","modified_gmt":"2018-07-31T17:58:39","slug":"2-234-km-beim-stadtradeln-ingolstadt","status":"publish","type":"post","link":"https:\/\/www.mtv-in.de\/fechten\/2018\/07\/2-234-km-beim-stadtradeln-ingolstadt\/","title":{"rendered":"2.234 km beim Stadtradeln Ingolstadt"},"content":{"rendered":"<div>In der Zeit zwischen dem 30.06. und 20.07.2018 nahmen wir neben 223 weiteren Teams beim Stadtradeln teil.<br \/>\nDas Prinzip war einfach, die geradelten Kilometer online eintragen und so oft wie m\u00f6glich auf\u00b4s Rad steigen.<\/div>\n<div>\nEine Abrundung der Radelzeit war eine Fahrradtour vom MTV Ingolstadt aus zum Manne nach Irgersheim.<br \/>\nDort gab es die M\u00f6glichkeit f\u00fcr eine kleine St\u00e4rkung und eine Runde Pit Pat, die vor Raffael Leiger und Veronika Heinle dominirt worden ist.<\/div>\n<div><\/div>\n<div>Am Ende erreichten wir als MTV Ingolstadt Fechten einen guten 70. Platz mit 2.234 km auf den Fahrr\u00e4dern.<\/div>\n<div><\/div>\n<div>Hier findet ihr die Endergebnisse:<br \/>\n<a href=\"https:\/\/deref-gmx.net\/mail\/client\/Zrigq3eOn10\/dereferrer\/?redirectUrl=https%3A%2F%2Fwww.stadtradeln.de%2Findex.php%3F%26id%3D969%26sr_city%3D4507\" target=\"_blank\" rel=\"noopener noreferrer\">https:\/\/www.stadtradeln.de\/index.php?&amp;id=969&amp;sr_city=4507<\/a><\/p>\n<p><a href=\"https:\/\/www.mtv-in.de\/fechten\/files\/2018\/07\/IMG_20180720_193448.jpg\"><img loading=\"lazy\" decoding=\"async\" class=\"size-full wp-image-701\" src=\"https:\/\/www.mtv-in.de\/fechten\/files\/2018\/07\/IMG_20180720_193448.jpg\" alt=\"\" width=\"4608\" height=\"3456\" srcset=\"https:\/\/www.mtv-in.de\/fechten\/files\/2018\/07\/IMG_20180720_193448.jpg 4608w, https:\/\/www.mtv-in.de\/fechten\/files\/2018\/07\/IMG_20180720_193448-300x225.jpg 300w, https:\/\/www.mtv-in.de\/fechten\/files\/2018\/07\/IMG_20180720_193448-768x576.jpg 768w, https:\/\/www.mtv-in.de\/fechten\/files\/2018\/07\/IMG_20180720_193448-1024x768.jpg 1024w\" sizes=\"auto, (max-width: 4608px) 100vw, 4608px\" \/><\/a><\/p>\n<figure id=\"attachment_702\" aria-describedby=\"caption-attachment-702\" style=\"width: 3456px\" class=\"wp-caption alignnone\"><a href=\"https:\/\/www.mtv-in.de\/fechten\/files\/2018\/07\/IMG_20180720_191127.jpg\"><img loading=\"lazy\" decoding=\"async\" class=\"size-full wp-image-702\" src=\"https:\/\/www.mtv-in.de\/fechten\/files\/2018\/07\/IMG_20180720_191127.jpg\" alt=\"\" width=\"3456\" height=\"4608\" srcset=\"https:\/\/www.mtv-in.de\/fechten\/files\/2018\/07\/IMG_20180720_191127.jpg 3456w, https:\/\/www.mtv-in.de\/fechten\/files\/2018\/07\/IMG_20180720_191127-225x300.jpg 225w, https:\/\/www.mtv-in.de\/fechten\/files\/2018\/07\/IMG_20180720_191127-768x1024.jpg 768w\" sizes=\"auto, (max-width: 3456px) 100vw, 3456px\" \/><\/a><figcaption id=\"caption-attachment-702\" class=\"wp-caption-text\">sdr<\/figcaption><\/figure>\n<figure id=\"attachment_703\" aria-describedby=\"caption-attachment-703\" style=\"width: 4608px\" class=\"wp-caption alignnone\"><a href=\"https:\/\/www.mtv-in.de\/fechten\/files\/2018\/07\/IMG_20180720_172915.jpg\"><img loading=\"lazy\" decoding=\"async\" class=\"size-full wp-image-703\" src=\"https:\/\/www.mtv-in.de\/fechten\/files\/2018\/07\/IMG_20180720_172915.jpg\" alt=\"\" width=\"4608\" height=\"3456\" srcset=\"https:\/\/www.mtv-in.de\/fechten\/files\/2018\/07\/IMG_20180720_172915.jpg 4608w, https:\/\/www.mtv-in.de\/fechten\/files\/2018\/07\/IMG_20180720_172915-300x225.jpg 300w, https:\/\/www.mtv-in.de\/fechten\/files\/2018\/07\/IMG_20180720_172915-768x576.jpg 768w, https:\/\/www.mtv-in.de\/fechten\/files\/2018\/07\/IMG_20180720_172915-1024x768.jpg 1024w\" sizes=\"auto, (max-width: 4608px) 100vw, 4608px\" \/><\/a><figcaption id=\"caption-attachment-703\" class=\"wp-caption-text\">sdr<\/figcaption><\/figure>\n<\/div>\n","protected":false},"excerpt":{"rendered":"<p>In der Zeit zwischen dem 30.06. und 20.07.2018 nahmen wir neben 223 weiteren Teams beim Stadtradeln teil. Das Prinzip war einfach, die geradelten Kilometer online eintragen und so oft wie m\u00f6glich auf\u00b4s Rad steigen. Eine Abrundung der Radelzeit war eine Fahrradtour vom MTV Ingolstadt aus zum Manne nach Irgersheim. Dort gab es die M\u00f6glichkeit f\u00fcr [&hellip;]<\/p>\n","protected":false},"author":305,"featured_media":0,"comment_status":"closed","ping_status":"closed","sticky":false,"template":"","format":"standard","meta":{"footnotes":""},"categories":[1],"tags":[],"class_list":["post-700","post","type-post","status-publish","format-standard","hentry","category-allgemein"],"_links":{"self":[{"href":"https:\/\/www.mtv-in.de\/fechten\/wp-json\/wp\/v2\/posts\/700","targetHints":{"allow":["GET"]}}],"collection":[{"href":"https:\/\/www.mtv-in.de\/fechten\/wp-json\/wp\/v2\/posts"}],"about":[{"href":"https:\/\/www.mtv-in.de\/fechten\/wp-json\/wp\/v2\/types\/post"}],"author":[{"embeddable":true,"href":"https:\/\/www.mtv-in.de\/fechten\/wp-json\/wp\/v2\/users\/305"}],"replies":[{"embeddable":true,"href":"https:\/\/www.mtv-in.de\/fechten\/wp-json\/wp\/v2\/comments?post=700"}],"version-history":[{"count":1,"href":"https:\/\/www.mtv-in.de\/fechten\/wp-json\/wp\/v2\/posts\/700\/revisions"}],"predecessor-version":[{"id":704,"href":"https:\/\/www.mtv-in.de\/fechten\/wp-json\/wp\/v2\/posts\/700\/revisions\/704"}],"wp:attachment":[{"href":"https:\/\/www.mtv-in.de\/fechten\/wp-json\/wp\/v2\/media?parent=700"}],"wp:term":[{"taxonomy":"category","embeddable":true,"href":"https:\/\/www.mtv-in.de\/fechten\/wp-json\/wp\/v2\/categories?post=700"},{"taxonomy":"post_tag","embeddable":true,"href":"https:\/\/www.mtv-in.de\/fechten\/wp-json\/wp\/v2\/tags?post=700"}],"curies":[{"name":"wp","href":"https:\/\/api.w.org\/{rel}","templated":true}]}}