{"id":708,"date":"2018-09-17T16:16:27","date_gmt":"2018-09-17T14:16:27","guid":{"rendered":"http:\/\/www.mtv-in.de\/fechten\/?p=708"},"modified":"2018-09-17T16:16:27","modified_gmt":"2018-09-17T14:16:27","slug":"trainingsauftakt","status":"publish","type":"post","link":"https:\/\/www.mtv-in.de\/fechten\/2018\/09\/trainingsauftakt\/","title":{"rendered":"Trainingsauftakt"},"content":{"rendered":"<p>Nach der Sommerpause starten wir wieder ins Training und begr\u00fc\u00dfen zum Trainingsauftakt die Jugend in einer vollen Halle!<\/p>\n<p>Zudem gibt es nun wieder die M\u00f6glichkeit, jeden Freitag um 18 Uhr zum Schnuppertraining vorbeizuschauen. Daf\u00fcr k\u00f6nnt ihr einfach in unserer Fechthalle vorbeischauen.<\/p>\n<p>Alles was ihr daf\u00fcr braucht sind Sportsachen und etwas zu trinken. Es ist keine Voranmeldung notwendig!<\/p>\n<p><a href=\"https:\/\/www.mtv-in.de\/fechten\/files\/2018\/09\/Bild-Training.jpg\"><img loading=\"lazy\" decoding=\"async\" class=\"alignnone size-full wp-image-709\" src=\"https:\/\/www.mtv-in.de\/fechten\/files\/2018\/09\/Bild-Training.jpg\" alt=\"\" width=\"720\" height=\"960\" srcset=\"https:\/\/www.mtv-in.de\/fechten\/files\/2018\/09\/Bild-Training.jpg 720w, https:\/\/www.mtv-in.de\/fechten\/files\/2018\/09\/Bild-Training-225x300.jpg 225w\" sizes=\"auto, (max-width: 720px) 100vw, 720px\" \/><\/p>\n<p><\/a><a href=\"https:\/\/www.mtv-in.de\/fechten\/files\/2018\/09\/Bild-Training-2.jpg\"><img loading=\"lazy\" decoding=\"async\" class=\"alignnone size-full wp-image-710\" src=\"https:\/\/www.mtv-in.de\/fechten\/files\/2018\/09\/Bild-Training-2.jpg\" alt=\"\" width=\"720\" height=\"960\" srcset=\"https:\/\/www.mtv-in.de\/fechten\/files\/2018\/09\/Bild-Training-2.jpg 720w, https:\/\/www.mtv-in.de\/fechten\/files\/2018\/09\/Bild-Training-2-225x300.jpg 225w\" sizes=\"auto, (max-width: 720px) 100vw, 720px\" \/><\/a><\/p>\n","protected":false},"excerpt":{"rendered":"<p>Nach der Sommerpause starten wir wieder ins Training und begr\u00fc\u00dfen zum Trainingsauftakt die Jugend in einer vollen Halle! Zudem gibt es nun wieder die M\u00f6glichkeit, jeden Freitag um 18 Uhr zum Schnuppertraining vorbeizuschauen. Daf\u00fcr k\u00f6nnt ihr einfach in unserer Fechthalle vorbeischauen. Alles was ihr daf\u00fcr braucht sind Sportsachen und etwas zu trinken. Es ist keine [&hellip;]<\/p>\n","protected":false},"author":305,"featured_media":0,"comment_status":"closed","ping_status":"closed","sticky":false,"template":"","format":"standard","meta":{"footnotes":""},"categories":[1],"tags":[],"class_list":["post-708","post","type-post","status-publish","format-standard","hentry","category-allgemein"],"_links":{"self":[{"href":"https:\/\/www.mtv-in.de\/fechten\/wp-json\/wp\/v2\/posts\/708","targetHints":{"allow":["GET"]}}],"collection":[{"href":"https:\/\/www.mtv-in.de\/fechten\/wp-json\/wp\/v2\/posts"}],"about":[{"href":"https:\/\/www.mtv-in.de\/fechten\/wp-json\/wp\/v2\/types\/post"}],"author":[{"embeddable":true,"href":"https:\/\/www.mtv-in.de\/fechten\/wp-json\/wp\/v2\/users\/305"}],"replies":[{"embeddable":true,"href":"https:\/\/www.mtv-in.de\/fechten\/wp-json\/wp\/v2\/comments?post=708"}],"version-history":[{"count":1,"href":"https:\/\/www.mtv-in.de\/fechten\/wp-json\/wp\/v2\/posts\/708\/revisions"}],"predecessor-version":[{"id":711,"href":"https:\/\/www.mtv-in.de\/fechten\/wp-json\/wp\/v2\/posts\/708\/revisions\/711"}],"wp:attachment":[{"href":"https:\/\/www.mtv-in.de\/fechten\/wp-json\/wp\/v2\/media?parent=708"}],"wp:term":[{"taxonomy":"category","embeddable":true,"href":"https:\/\/www.mtv-in.de\/fechten\/wp-json\/wp\/v2\/categories?post=708"},{"taxonomy":"post_tag","embeddable":true,"href":"https:\/\/www.mtv-in.de\/fechten\/wp-json\/wp\/v2\/tags?post=708"}],"curies":[{"name":"wp","href":"https:\/\/api.w.org\/{rel}","templated":true}]}}