{"id":712,"date":"2018-09-17T16:18:20","date_gmt":"2018-09-17T14:18:20","guid":{"rendered":"http:\/\/www.mtv-in.de\/fechten\/?p=712"},"modified":"2018-09-17T16:18:20","modified_gmt":"2018-09-17T14:18:20","slug":"kindertag-2018","status":"publish","type":"post","link":"https:\/\/www.mtv-in.de\/fechten\/2018\/09\/kindertag-2018\/","title":{"rendered":"Kindertag 2018"},"content":{"rendered":"<div class=\"textLayer\">\n<div>Von 10 bis 17 Uhr waren wir Fechter am Samstag, den 15. September anl\u00e4sslich des Kindertags<\/div>\n<div>beim Viktualienmarkt vertreten.<\/p>\n<\/div>\n<div>Geboten waren Gefechte mit Florett und Degen live zu beobachten und es gab die Chance mit<\/div>\n<div>Fechtern ins Gespr\u00e4ch zu kommen.<\/p>\n<\/div>\n<div>Ein besonders Highlight f\u00fcr unsere Zuschauer waren unsere Plastikfloretts. Mit diesen konnten sie<\/div>\n<div>selbst zum Fechter werden, selbstverst\u00e4ndlich gesch\u00fctzt durch eine Fechtmaske.<\/div>\n<div>Wir hoffen durch unser Engagement an diesem Event neue Mitglieder im Jugend- als auch im<\/div>\n<div>Erwachsenentraining begr\u00fc\u00dfen zu d\u00fcrfen<\/p>\n<\/div>\n<div>Dank an Marek Kowaslki und Birgit Koppenhofer f\u00fcr die Fotos, die ihr unter folgenden Links<\/div>\n<div>finden k\u00f6nnt:<\/p>\n<\/div>\n<div>https:\/\/www.kbumm.de\/bilder?id=12194<\/p>\n<\/div>\n<div>https:\/\/www.dropbox.com\/sh\/vttffnidb38ath3\/AABpebMLyexjCZL8pHwVNTw5a?dl=0<\/div>\n<div class=\"endOfContent\">\n<a href=\"https:\/\/www.mtv-in.de\/fechten\/files\/2018\/09\/Bild-KITA-18.jpg\"><img loading=\"lazy\" decoding=\"async\" class=\"alignnone size-full wp-image-713\" src=\"https:\/\/www.mtv-in.de\/fechten\/files\/2018\/09\/Bild-KITA-18.jpg\" alt=\"\" width=\"960\" height=\"640\" srcset=\"https:\/\/www.mtv-in.de\/fechten\/files\/2018\/09\/Bild-KITA-18.jpg 960w, https:\/\/www.mtv-in.de\/fechten\/files\/2018\/09\/Bild-KITA-18-300x200.jpg 300w, https:\/\/www.mtv-in.de\/fechten\/files\/2018\/09\/Bild-KITA-18-768x512.jpg 768w\" sizes=\"auto, (max-width: 960px) 100vw, 960px\" \/><br \/>\n<\/a><a href=\"https:\/\/www.mtv-in.de\/fechten\/files\/2018\/09\/Bild-KITA-18-2.jpg\"><img loading=\"lazy\" decoding=\"async\" class=\"alignnone size-full wp-image-714\" src=\"https:\/\/www.mtv-in.de\/fechten\/files\/2018\/09\/Bild-KITA-18-2.jpg\" alt=\"\" width=\"960\" height=\"640\" srcset=\"https:\/\/www.mtv-in.de\/fechten\/files\/2018\/09\/Bild-KITA-18-2.jpg 960w, https:\/\/www.mtv-in.de\/fechten\/files\/2018\/09\/Bild-KITA-18-2-300x200.jpg 300w, https:\/\/www.mtv-in.de\/fechten\/files\/2018\/09\/Bild-KITA-18-2-768x512.jpg 768w\" sizes=\"auto, (max-width: 960px) 100vw, 960px\" \/><\/a><\/div>\n<\/div>\n<div class=\"annotationLayer\"><\/div>\n","protected":false},"excerpt":{"rendered":"<p>Von 10 bis 17 Uhr waren wir Fechter am Samstag, den 15. September anl\u00e4sslich des Kindertags beim Viktualienmarkt vertreten. Geboten waren Gefechte mit Florett und Degen live zu beobachten und es gab die Chance mit Fechtern ins Gespr\u00e4ch zu kommen. Ein besonders Highlight f\u00fcr unsere Zuschauer waren unsere Plastikfloretts. Mit diesen konnten sie selbst zum [&hellip;]<\/p>\n","protected":false},"author":305,"featured_media":0,"comment_status":"closed","ping_status":"closed","sticky":false,"template":"","format":"standard","meta":{"footnotes":""},"categories":[1],"tags":[],"class_list":["post-712","post","type-post","status-publish","format-standard","hentry","category-allgemein"],"_links":{"self":[{"href":"https:\/\/www.mtv-in.de\/fechten\/wp-json\/wp\/v2\/posts\/712","targetHints":{"allow":["GET"]}}],"collection":[{"href":"https:\/\/www.mtv-in.de\/fechten\/wp-json\/wp\/v2\/posts"}],"about":[{"href":"https:\/\/www.mtv-in.de\/fechten\/wp-json\/wp\/v2\/types\/post"}],"author":[{"embeddable":true,"href":"https:\/\/www.mtv-in.de\/fechten\/wp-json\/wp\/v2\/users\/305"}],"replies":[{"embeddable":true,"href":"https:\/\/www.mtv-in.de\/fechten\/wp-json\/wp\/v2\/comments?post=712"}],"version-history":[{"count":1,"href":"https:\/\/www.mtv-in.de\/fechten\/wp-json\/wp\/v2\/posts\/712\/revisions"}],"predecessor-version":[{"id":715,"href":"https:\/\/www.mtv-in.de\/fechten\/wp-json\/wp\/v2\/posts\/712\/revisions\/715"}],"wp:attachment":[{"href":"https:\/\/www.mtv-in.de\/fechten\/wp-json\/wp\/v2\/media?parent=712"}],"wp:term":[{"taxonomy":"category","embeddable":true,"href":"https:\/\/www.mtv-in.de\/fechten\/wp-json\/wp\/v2\/categories?post=712"},{"taxonomy":"post_tag","embeddable":true,"href":"https:\/\/www.mtv-in.de\/fechten\/wp-json\/wp\/v2\/tags?post=712"}],"curies":[{"name":"wp","href":"https:\/\/api.w.org\/{rel}","templated":true}]}}