{"id":886,"date":"2019-04-01T15:10:00","date_gmt":"2019-04-01T13:10:00","guid":{"rendered":"http:\/\/www.mtv-in.de\/fechten\/?p=886"},"modified":"2019-04-01T15:13:35","modified_gmt":"2019-04-01T13:13:35","slug":"gratulation-zum-b-trainer-leistungssport-fechten%f0%9f%8e%89%f0%9f%8e%8a","status":"publish","type":"post","link":"https:\/\/www.mtv-in.de\/fechten\/2019\/04\/gratulation-zum-b-trainer-leistungssport-fechten%f0%9f%8e%89%f0%9f%8e%8a\/","title":{"rendered":"Gratulation zum B-Trainer-Leistungssport Fechten!\ud83c\udf89\ud83c\udf8a"},"content":{"rendered":"<p>Stefan Koppenhofer hat im letzten halben Jahr mit Unterst\u00fctzung von Dirk, Gwen und Veronika insgesamt einige Wochenenden in Tauberbischofsheim und Heidenheim f\u00fcr die B-Trainer Ausbildung investiert.<br \/>\nUnter der Woche hie\u00df es im Training die Lektionen verbessern.<\/p>\n<p>Stefan bestand letztes Wochenende sowohl den theoretischen, als auch den praktischen Teil der Abschlusspr\u00fcfung, Gl\u00fcckwunsch!<\/p>\n<p>Wir freuen uns auf neue Lektionen!\ud83d\udcaa\ud83e\udd3a<\/p>\n<p><a href=\"https:\/\/www.mtv-in.de\/fechten\/files\/2019\/04\/FB_IMG_1553014083748.jpg\"><br \/>\n<\/a><\/p>\n<p><a href=\"https:\/\/www.mtv-in.de\/fechten\/files\/2019\/04\/IMG_20190317_212347.jpg\"><img loading=\"lazy\" decoding=\"async\" class=\"wp-image-888 size-full aligncenter\" src=\"https:\/\/www.mtv-in.de\/fechten\/files\/2019\/04\/IMG_20190317_212347.jpg\" alt=\"\" width=\"1855\" height=\"1728\" srcset=\"https:\/\/www.mtv-in.de\/fechten\/files\/2019\/04\/IMG_20190317_212347.jpg 1855w, https:\/\/www.mtv-in.de\/fechten\/files\/2019\/04\/IMG_20190317_212347-300x279.jpg 300w, https:\/\/www.mtv-in.de\/fechten\/files\/2019\/04\/IMG_20190317_212347-768x715.jpg 768w, https:\/\/www.mtv-in.de\/fechten\/files\/2019\/04\/IMG_20190317_212347-1024x954.jpg 1024w\" sizes=\"auto, (max-width: 1855px) 100vw, 1855px\" \/><\/a><\/p>\n<p><a href=\"https:\/\/www.mtv-in.de\/fechten\/files\/2019\/04\/IMG_20190317_104010.jpg\"><img loading=\"lazy\" decoding=\"async\" class=\"wp-image-889 size-full\" src=\"https:\/\/www.mtv-in.de\/fechten\/files\/2019\/04\/IMG_20190317_104010.jpg\" alt=\"\" width=\"4608\" height=\"3456\" srcset=\"https:\/\/www.mtv-in.de\/fechten\/files\/2019\/04\/IMG_20190317_104010.jpg 4608w, https:\/\/www.mtv-in.de\/fechten\/files\/2019\/04\/IMG_20190317_104010-300x225.jpg 300w, https:\/\/www.mtv-in.de\/fechten\/files\/2019\/04\/IMG_20190317_104010-768x576.jpg 768w, https:\/\/www.mtv-in.de\/fechten\/files\/2019\/04\/IMG_20190317_104010-1024x768.jpg 1024w\" sizes=\"auto, (max-width: 4608px) 100vw, 4608px\" \/><\/a><\/p>\n<p><img loading=\"lazy\" decoding=\"async\" class=\"wp-image-887 size-full aligncenter\" src=\"https:\/\/www.mtv-in.de\/fechten\/files\/2019\/04\/FB_IMG_1553014083748.jpg\" alt=\"\" width=\"960\" height=\"540\" srcset=\"https:\/\/www.mtv-in.de\/fechten\/files\/2019\/04\/FB_IMG_1553014083748.jpg 960w, https:\/\/www.mtv-in.de\/fechten\/files\/2019\/04\/FB_IMG_1553014083748-300x169.jpg 300w, https:\/\/www.mtv-in.de\/fechten\/files\/2019\/04\/FB_IMG_1553014083748-768x432.jpg 768w\" sizes=\"auto, (max-width: 960px) 100vw, 960px\" \/><\/p>\n","protected":false},"excerpt":{"rendered":"<p>Stefan Koppenhofer hat im letzten halben Jahr mit Unterst\u00fctzung von Dirk, Gwen und Veronika insgesamt einige Wochenenden in Tauberbischofsheim und Heidenheim f\u00fcr die B-Trainer Ausbildung investiert. Unter der Woche hie\u00df es im Training die Lektionen verbessern. Stefan bestand letztes Wochenende sowohl den theoretischen, als auch den praktischen Teil der Abschlusspr\u00fcfung, Gl\u00fcckwunsch! Wir freuen uns auf [&hellip;]<\/p>\n","protected":false},"author":305,"featured_media":0,"comment_status":"closed","ping_status":"closed","sticky":false,"template":"","format":"standard","meta":{"footnotes":""},"categories":[1],"tags":[],"class_list":["post-886","post","type-post","status-publish","format-standard","hentry","category-allgemein"],"_links":{"self":[{"href":"https:\/\/www.mtv-in.de\/fechten\/wp-json\/wp\/v2\/posts\/886","targetHints":{"allow":["GET"]}}],"collection":[{"href":"https:\/\/www.mtv-in.de\/fechten\/wp-json\/wp\/v2\/posts"}],"about":[{"href":"https:\/\/www.mtv-in.de\/fechten\/wp-json\/wp\/v2\/types\/post"}],"author":[{"embeddable":true,"href":"https:\/\/www.mtv-in.de\/fechten\/wp-json\/wp\/v2\/users\/305"}],"replies":[{"embeddable":true,"href":"https:\/\/www.mtv-in.de\/fechten\/wp-json\/wp\/v2\/comments?post=886"}],"version-history":[{"count":4,"href":"https:\/\/www.mtv-in.de\/fechten\/wp-json\/wp\/v2\/posts\/886\/revisions"}],"predecessor-version":[{"id":891,"href":"https:\/\/www.mtv-in.de\/fechten\/wp-json\/wp\/v2\/posts\/886\/revisions\/891"}],"wp:attachment":[{"href":"https:\/\/www.mtv-in.de\/fechten\/wp-json\/wp\/v2\/media?parent=886"}],"wp:term":[{"taxonomy":"category","embeddable":true,"href":"https:\/\/www.mtv-in.de\/fechten\/wp-json\/wp\/v2\/categories?post=886"},{"taxonomy":"post_tag","embeddable":true,"href":"https:\/\/www.mtv-in.de\/fechten\/wp-json\/wp\/v2\/tags?post=886"}],"curies":[{"name":"wp","href":"https:\/\/api.w.org\/{rel}","templated":true}]}}