{"id":923,"date":"2019-08-08T16:53:06","date_gmt":"2019-08-08T14:53:06","guid":{"rendered":"http:\/\/www.mtv-in.de\/fechten\/?p=923"},"modified":"2019-08-08T16:53:25","modified_gmt":"2019-08-08T14:53:25","slug":"sporttag-beim-mtv-ingolstadt","status":"publish","type":"post","link":"https:\/\/www.mtv-in.de\/fechten\/2019\/08\/sporttag-beim-mtv-ingolstadt\/","title":{"rendered":"Sporttag beim MTV Ingolstadt"},"content":{"rendered":"<p>Die Abteilungen vom MTV Ingolstadt hatten heute die Chance, sich in unterschiedlichen Sportarten zu beweisen.<\/p>\n<p>Beteiligt waren die Handballer, Fu\u00dfballer, Leichtathleten, KISS, Schach, Turnen und wir Fechter.<\/p>\n<p>Bei uns ging es mit Maske und Plastikausr\u00fcstung zur Sache.<br \/>\nDiese M\u00f6glichkeit nutzte auch VP Sport Sigi Hofweber um den Pr\u00e4sidenten Gerhard Bonschab pers\u00f6nlich herauszufordern. Wer hat wohl gewonnen?<\/p>\n<p><img decoding=\"async\" src=\"https:\/\/scontent-frx5-1.xx.fbcdn.net\/v\/t1.0-9\/64642699_2411366832430665_6802863369456975872_o.jpg?_nc_cat=102&amp;_nc_oc=AQn0ddFyzjfBbCZ_ywZRpUJzHY7KDPK5lg3h5hZRXiL2LVcUl6pGVnsGd3sbPAxLpfY&amp;_nc_ht=scontent-frx5-1.xx&amp;oh=823d310dd825110157227f4943af0b41&amp;oe=5DE3C409\" alt=\"Bild k\u00c3\u00b6nnte enthalten: eine oder mehrere Personen, Baskettballplatz und Innenbereich\" \/><\/p>\n","protected":false},"excerpt":{"rendered":"<p>Die Abteilungen vom MTV Ingolstadt hatten heute die Chance, sich in unterschiedlichen Sportarten zu beweisen. Beteiligt waren die Handballer, Fu\u00dfballer, Leichtathleten, KISS, Schach, Turnen und wir Fechter. Bei uns ging es mit Maske und Plastikausr\u00fcstung zur Sache. Diese M\u00f6glichkeit nutzte auch VP Sport Sigi Hofweber um den Pr\u00e4sidenten Gerhard Bonschab pers\u00f6nlich herauszufordern. Wer hat wohl [&hellip;]<\/p>\n","protected":false},"author":305,"featured_media":0,"comment_status":"closed","ping_status":"closed","sticky":false,"template":"","format":"standard","meta":{"footnotes":""},"categories":[1],"tags":[],"class_list":["post-923","post","type-post","status-publish","format-standard","hentry","category-allgemein"],"_links":{"self":[{"href":"https:\/\/www.mtv-in.de\/fechten\/wp-json\/wp\/v2\/posts\/923","targetHints":{"allow":["GET"]}}],"collection":[{"href":"https:\/\/www.mtv-in.de\/fechten\/wp-json\/wp\/v2\/posts"}],"about":[{"href":"https:\/\/www.mtv-in.de\/fechten\/wp-json\/wp\/v2\/types\/post"}],"author":[{"embeddable":true,"href":"https:\/\/www.mtv-in.de\/fechten\/wp-json\/wp\/v2\/users\/305"}],"replies":[{"embeddable":true,"href":"https:\/\/www.mtv-in.de\/fechten\/wp-json\/wp\/v2\/comments?post=923"}],"version-history":[{"count":1,"href":"https:\/\/www.mtv-in.de\/fechten\/wp-json\/wp\/v2\/posts\/923\/revisions"}],"predecessor-version":[{"id":924,"href":"https:\/\/www.mtv-in.de\/fechten\/wp-json\/wp\/v2\/posts\/923\/revisions\/924"}],"wp:attachment":[{"href":"https:\/\/www.mtv-in.de\/fechten\/wp-json\/wp\/v2\/media?parent=923"}],"wp:term":[{"taxonomy":"category","embeddable":true,"href":"https:\/\/www.mtv-in.de\/fechten\/wp-json\/wp\/v2\/categories?post=923"},{"taxonomy":"post_tag","embeddable":true,"href":"https:\/\/www.mtv-in.de\/fechten\/wp-json\/wp\/v2\/tags?post=923"}],"curies":[{"name":"wp","href":"https:\/\/api.w.org\/{rel}","templated":true}]}}