{"id":940,"date":"2019-09-15T12:39:30","date_gmt":"2019-09-15T10:39:30","guid":{"rendered":"http:\/\/www.mtv-in.de\/fechten\/?p=940"},"modified":"2019-09-15T12:39:30","modified_gmt":"2019-09-15T10:39:30","slug":"ingolstaedter-kindertag-2019","status":"publish","type":"post","link":"https:\/\/www.mtv-in.de\/fechten\/2019\/09\/ingolstaedter-kindertag-2019\/","title":{"rendered":"Ingolst\u00e4dter Kindertag 2019"},"content":{"rendered":"<p>Ganz sch\u00f6n was los!<\/p>\n<p>Gestern fand der\u00a0Ingolst\u00e4dter Kindertag 2019\u00a0statt. An unserem Stand sind uns die Zuschauer nie ausgegangen.<\/p>\n<p>Gro\u00dfe Augen bekamen die Interessierten, als sie mit Maske und Plastikausr\u00fcstung gegeneinander fechten durften.<\/p>\n<div class=\"text_exposed_show\">\n<p>Highlight war die Fechtvorf\u00fchrung direkt am\u00a0Rathausplatz\u00a0mit ca. 200 Zuschauern,\u00a0<span class=\"_5afx\"><span class=\"_58cl _5afz\">#<\/span><span class=\"_58cm\">wahnsinn<\/p>\n<p><img loading=\"lazy\" decoding=\"async\" class=\"alignnone size-full\" src=\"https:\/\/scontent.fmuc3-1.fna.fbcdn.net\/v\/t1.0-9\/70538336_2471006833133331_4153667196993667072_n.jpg?_nc_cat=107&amp;_nc_oc=AQn7EPz1TTkB7jVfCQb2UERgxyn6z5nuQtEqfguIVn8EfZOV4dfRBbmJe48iF4JFrls&amp;_nc_ht=scontent.fmuc3-1.fna&amp;oh=72b249dfc5cc72e86c52608728ce8eff&amp;oe=5E01D06C\" width=\"960\" height=\"720\" \/><img loading=\"lazy\" decoding=\"async\" class=\"alignnone size-full\" src=\"https:\/\/scontent.fmuc3-1.fna.fbcdn.net\/v\/t1.0-9\/70935187_2471006873133327_3122529077748039680_n.jpg?_nc_cat=103&amp;_nc_oc=AQnNvJeHni_uXdkEoUyPWq1CpVvVp7RG8UoIg1uz8Y8NrqHiTTXzkKhng_q1WbknQ68&amp;_nc_ht=scontent.fmuc3-1.fna&amp;oh=83f0d48974b2b2f53194d76cc5819f88&amp;oe=5DFF5E0C\" width=\"960\" height=\"720\" \/><img loading=\"lazy\" decoding=\"async\" class=\"alignnone size-full\" src=\"https:\/\/scontent.fmuc3-1.fna.fbcdn.net\/v\/t1.0-9\/70298076_2471006933133321_8253797347469819904_n.jpg?_nc_cat=102&amp;_nc_oc=AQlWoJOAytSPfijpsfPqqTS07J3VkZGAtr0Y-qlSecb6tcMhuJwi2SBNbECiAU2idYA&amp;_nc_ht=scontent.fmuc3-1.fna&amp;oh=ab03ed96292588b6570a0e5776544cd4&amp;oe=5E032B4Chttps:\/\/scontent.fmuc3-1.fna.fbcdn.net\/v\/t1.0-9\/70298076_2471006933133321_8253797347469819904_n.jpg?_nc_cat=102&amp;_nc_oc=AQlWoJOAytSPfijpsfPqqTS07J3VkZGAtr0Y-qlSecb6tcMhuJwi2SBNbECiAU2idYA&amp;_nc_ht=scontent.fmuc3-1.fna&amp;oh=ab03ed96292588b6570a0e5776544cd4&amp;oe=5E032B4C\" width=\"960\" height=\"960\" \/><br \/>\n<\/span><\/span><\/p>\n<\/div>\n","protected":false},"excerpt":{"rendered":"<p>Ganz sch\u00f6n was los! Gestern fand der\u00a0Ingolst\u00e4dter Kindertag 2019\u00a0statt. An unserem Stand sind uns die Zuschauer nie ausgegangen. Gro\u00dfe Augen bekamen die Interessierten, als sie mit Maske und Plastikausr\u00fcstung gegeneinander fechten durften. Highlight war die Fechtvorf\u00fchrung direkt am\u00a0Rathausplatz\u00a0mit ca. 200 Zuschauern,\u00a0#wahnsinn<\/p>\n","protected":false},"author":305,"featured_media":0,"comment_status":"closed","ping_status":"closed","sticky":false,"template":"","format":"standard","meta":{"footnotes":""},"categories":[1],"tags":[],"class_list":["post-940","post","type-post","status-publish","format-standard","hentry","category-allgemein"],"_links":{"self":[{"href":"https:\/\/www.mtv-in.de\/fechten\/wp-json\/wp\/v2\/posts\/940","targetHints":{"allow":["GET"]}}],"collection":[{"href":"https:\/\/www.mtv-in.de\/fechten\/wp-json\/wp\/v2\/posts"}],"about":[{"href":"https:\/\/www.mtv-in.de\/fechten\/wp-json\/wp\/v2\/types\/post"}],"author":[{"embeddable":true,"href":"https:\/\/www.mtv-in.de\/fechten\/wp-json\/wp\/v2\/users\/305"}],"replies":[{"embeddable":true,"href":"https:\/\/www.mtv-in.de\/fechten\/wp-json\/wp\/v2\/comments?post=940"}],"version-history":[{"count":2,"href":"https:\/\/www.mtv-in.de\/fechten\/wp-json\/wp\/v2\/posts\/940\/revisions"}],"predecessor-version":[{"id":954,"href":"https:\/\/www.mtv-in.de\/fechten\/wp-json\/wp\/v2\/posts\/940\/revisions\/954"}],"wp:attachment":[{"href":"https:\/\/www.mtv-in.de\/fechten\/wp-json\/wp\/v2\/media?parent=940"}],"wp:term":[{"taxonomy":"category","embeddable":true,"href":"https:\/\/www.mtv-in.de\/fechten\/wp-json\/wp\/v2\/categories?post=940"},{"taxonomy":"post_tag","embeddable":true,"href":"https:\/\/www.mtv-in.de\/fechten\/wp-json\/wp\/v2\/tags?post=940"}],"curies":[{"name":"wp","href":"https:\/\/api.w.org\/{rel}","templated":true}]}}