{"id":949,"date":"2020-06-10T13:31:39","date_gmt":"2020-06-10T11:31:39","guid":{"rendered":"http:\/\/www.mtv-in.de\/fechten\/?p=949"},"modified":"2020-06-10T13:31:39","modified_gmt":"2020-06-10T11:31:39","slug":"trainingsbeginn-nach-langer-pause","status":"publish","type":"post","link":"https:\/\/www.mtv-in.de\/fechten\/2020\/06\/trainingsbeginn-nach-langer-pause\/","title":{"rendered":"Trainingsbeginn nach langer Pause!"},"content":{"rendered":"<p>W\u00e4hrend der Coronapandemie konnten wir uns leider nur \u00fcber Zoom sehen. Aber damit ist jetzt Schluss! Seit gestern haben wir wieder regul\u00e4res Pr\u00e4senztraining. Nat\u00fcrlich unter Einhaltung der Corona Schutzma\u00dfnahmen und unserem eigenen Coronakonzept. Trotzdem war es sch\u00f6n alle wieder zu sehen\ud83e\udd3a<\/p>\n<p><a href=\"https:\/\/www.mtv-in.de\/fechten\/files\/2020\/06\/f96a055b-45e7-42d4-9143-ced718367940.jpg\"><img loading=\"lazy\" decoding=\"async\" class=\"alignnone size-full wp-image-951\" src=\"https:\/\/www.mtv-in.de\/fechten\/files\/2020\/06\/f96a055b-45e7-42d4-9143-ced718367940.jpg\" alt=\"\" width=\"1599\" height=\"1200\" srcset=\"https:\/\/www.mtv-in.de\/fechten\/files\/2020\/06\/f96a055b-45e7-42d4-9143-ced718367940.jpg 1599w, https:\/\/www.mtv-in.de\/fechten\/files\/2020\/06\/f96a055b-45e7-42d4-9143-ced718367940-300x225.jpg 300w, https:\/\/www.mtv-in.de\/fechten\/files\/2020\/06\/f96a055b-45e7-42d4-9143-ced718367940-768x576.jpg 768w, https:\/\/www.mtv-in.de\/fechten\/files\/2020\/06\/f96a055b-45e7-42d4-9143-ced718367940-1024x768.jpg 1024w\" sizes=\"auto, (max-width: 1599px) 100vw, 1599px\" \/><\/a><a href=\"https:\/\/www.mtv-in.de\/fechten\/files\/2020\/06\/4640bea9-dd16-453c-9a48-f7bfc740a3c2.jpg\"><img loading=\"lazy\" decoding=\"async\" class=\"alignnone size-full wp-image-950\" src=\"https:\/\/www.mtv-in.de\/fechten\/files\/2020\/06\/4640bea9-dd16-453c-9a48-f7bfc740a3c2.jpg\" alt=\"\" width=\"1599\" height=\"1200\" srcset=\"https:\/\/www.mtv-in.de\/fechten\/files\/2020\/06\/4640bea9-dd16-453c-9a48-f7bfc740a3c2.jpg 1599w, https:\/\/www.mtv-in.de\/fechten\/files\/2020\/06\/4640bea9-dd16-453c-9a48-f7bfc740a3c2-300x225.jpg 300w, https:\/\/www.mtv-in.de\/fechten\/files\/2020\/06\/4640bea9-dd16-453c-9a48-f7bfc740a3c2-768x576.jpg 768w, https:\/\/www.mtv-in.de\/fechten\/files\/2020\/06\/4640bea9-dd16-453c-9a48-f7bfc740a3c2-1024x768.jpg 1024w\" sizes=\"auto, (max-width: 1599px) 100vw, 1599px\" \/><\/a> <a href=\"https:\/\/www.mtv-in.de\/fechten\/files\/2020\/06\/c1c09b20-7a3e-48da-922b-372dc7db7db6.jpg\"><img loading=\"lazy\" decoding=\"async\" class=\"alignnone size-full wp-image-952\" src=\"https:\/\/www.mtv-in.de\/fechten\/files\/2020\/06\/c1c09b20-7a3e-48da-922b-372dc7db7db6.jpg\" alt=\"\" width=\"1599\" height=\"1200\" srcset=\"https:\/\/www.mtv-in.de\/fechten\/files\/2020\/06\/c1c09b20-7a3e-48da-922b-372dc7db7db6.jpg 1599w, https:\/\/www.mtv-in.de\/fechten\/files\/2020\/06\/c1c09b20-7a3e-48da-922b-372dc7db7db6-300x225.jpg 300w, https:\/\/www.mtv-in.de\/fechten\/files\/2020\/06\/c1c09b20-7a3e-48da-922b-372dc7db7db6-768x576.jpg 768w, https:\/\/www.mtv-in.de\/fechten\/files\/2020\/06\/c1c09b20-7a3e-48da-922b-372dc7db7db6-1024x768.jpg 1024w\" sizes=\"auto, (max-width: 1599px) 100vw, 1599px\" \/><\/a><\/p>\n","protected":false},"excerpt":{"rendered":"<p>W\u00e4hrend der Coronapandemie konnten wir uns leider nur \u00fcber Zoom sehen. Aber damit ist jetzt Schluss! Seit gestern haben wir wieder regul\u00e4res Pr\u00e4senztraining. Nat\u00fcrlich unter Einhaltung der Corona Schutzma\u00dfnahmen und unserem eigenen Coronakonzept. Trotzdem war es sch\u00f6n alle wieder zu sehen\ud83e\udd3a<\/p>\n","protected":false},"author":305,"featured_media":0,"comment_status":"closed","ping_status":"closed","sticky":false,"template":"","format":"standard","meta":{"footnotes":""},"categories":[1],"tags":[],"class_list":["post-949","post","type-post","status-publish","format-standard","hentry","category-allgemein"],"_links":{"self":[{"href":"https:\/\/www.mtv-in.de\/fechten\/wp-json\/wp\/v2\/posts\/949","targetHints":{"allow":["GET"]}}],"collection":[{"href":"https:\/\/www.mtv-in.de\/fechten\/wp-json\/wp\/v2\/posts"}],"about":[{"href":"https:\/\/www.mtv-in.de\/fechten\/wp-json\/wp\/v2\/types\/post"}],"author":[{"embeddable":true,"href":"https:\/\/www.mtv-in.de\/fechten\/wp-json\/wp\/v2\/users\/305"}],"replies":[{"embeddable":true,"href":"https:\/\/www.mtv-in.de\/fechten\/wp-json\/wp\/v2\/comments?post=949"}],"version-history":[{"count":1,"href":"https:\/\/www.mtv-in.de\/fechten\/wp-json\/wp\/v2\/posts\/949\/revisions"}],"predecessor-version":[{"id":953,"href":"https:\/\/www.mtv-in.de\/fechten\/wp-json\/wp\/v2\/posts\/949\/revisions\/953"}],"wp:attachment":[{"href":"https:\/\/www.mtv-in.de\/fechten\/wp-json\/wp\/v2\/media?parent=949"}],"wp:term":[{"taxonomy":"category","embeddable":true,"href":"https:\/\/www.mtv-in.de\/fechten\/wp-json\/wp\/v2\/categories?post=949"},{"taxonomy":"post_tag","embeddable":true,"href":"https:\/\/www.mtv-in.de\/fechten\/wp-json\/wp\/v2\/tags?post=949"}],"curies":[{"name":"wp","href":"https:\/\/api.w.org\/{rel}","templated":true}]}}