{"id":976,"date":"2021-05-01T11:17:46","date_gmt":"2021-05-01T09:17:46","guid":{"rendered":"http:\/\/www.mtv-in.de\/fechten\/?p=976"},"modified":"2021-05-01T11:17:46","modified_gmt":"2021-05-01T09:17:46","slug":"wir-stadtradeln-wieder-%f0%9f%a4%a9%f0%9f%9a%b2","status":"publish","type":"post","link":"https:\/\/www.mtv-in.de\/fechten\/2021\/05\/wir-stadtradeln-wieder-%f0%9f%a4%a9%f0%9f%9a%b2\/","title":{"rendered":"Wir Stadtradeln wieder!!! \ud83e\udd29\ud83d\udeb2"},"content":{"rendered":"<div>\n<div><\/div>\n<div>&#8222;En garde. Pr\u00e9tes. Allez! Auf auf\u00b4s Fahrrad!&#8220;<\/div>\n<\/div>\n<div>\n<div><\/div>\n<\/div>\n<div>\n<div>Die Stadt Ingolstadt nimmt vom 26. Juni bis 16. Juli 2021 am STADTRADELN teil.<img loading=\"lazy\" decoding=\"async\" src=\"https:\/\/static.xx.fbcdn.net\/images\/emoji.php\/v9\/ta8\/1.5\/16\/1f601.png\" alt=\"\ud83d\ude01\" width=\"16\" height=\"16\" \/><\/div>\n<div><\/div>\n<\/div>\n<div>\n<div>Registrieren kannst du dich unter:\u00a0<a href=\"https:\/\/deref-gmx.net\/mail\/client\/IzTjJ_Woyhk\/dereferrer\/?redirectUrl=https%3A%2F%2Fwww.stadtradeln.de%2Fingolstadt%3Ffbclid%3DIwAR3YNDRqSP3iNDizDcWhAPLNp5Ayrk2QkpXnkZ_yVmEz9b8lbKVEsQXVhDY\" target=\"_blank\" rel=\"noopener noreferrer\">https:\/\/www.stadtradeln.de\/ingolstadt<\/a><\/div>\n<div><\/div>\n<\/div>\n<div>\n<div>Dein Team hei\u00dft nat\u00fcrlich &#8222;MTV Ingolstadt Fechten&#8220;<\/div>\n<div><\/div>\n<\/div>\n<div>\n<div>Jeder erradelte Kilometer z\u00e4hlt, also motiviert euch, eure Familie und Freunde bei uns mitzumachen!<\/div>\n<\/div>\n<div>\n<div><a href=\"https:\/\/deref-gmx.net\/mail\/client\/HkpbaAaXp4s\/dereferrer\/?redirectUrl=https%3A%2F%2Fwww.facebook.com%2Fhashtag%2Fmehralseinverein%3F__eep__%3D6%26__cft__%5B0%5D%3DAZVxwBipjdzNyfn7kstS520ycltQ8CERBuTfqT0E4vzTvEu7cBnCRNu6TWhKMzdiXF2ayy2gn6BddiL2qIB7CwjqluBLHuMIXVvOODUHqfn9C_HR-U5aWULrIayvo3WK6_gogD2TGLvVuKmf_yApM_Mub9Vb-gymBULzJdBeBYbyoQ%26__tn__%3D*NK-R\" target=\"_blank\" rel=\"noopener noreferrer\">#mehralseinverein<\/a>\u00a0<a href=\"https:\/\/deref-gmx.net\/mail\/client\/sdjeAGUN1U4\/dereferrer\/?redirectUrl=https%3A%2F%2Fwww.facebook.com%2Fhashtag%2Fzusammenzumziel%3F__eep__%3D6%26__cft__%5B0%5D%3DAZVxwBipjdzNyfn7kstS520ycltQ8CERBuTfqT0E4vzTvEu7cBnCRNu6TWhKMzdiXF2ayy2gn6BddiL2qIB7CwjqluBLHuMIXVvOODUHqfn9C_HR-U5aWULrIayvo3WK6_gogD2TGLvVuKmf_yApM_Mub9Vb-gymBULzJdBeBYbyoQ%26__tn__%3D*NK-R\" target=\"_blank\" rel=\"noopener noreferrer\">#zusammenzumziel<\/a>\u00a0<a href=\"https:\/\/deref-gmx.net\/mail\/client\/OeTJYevNEC8\/dereferrer\/?redirectUrl=https%3A%2F%2Fwww.facebook.com%2Fhashtag%2Fstadtradeln%3F__eep__%3D6%26__cft__%5B0%5D%3DAZVxwBipjdzNyfn7kstS520ycltQ8CERBuTfqT0E4vzTvEu7cBnCRNu6TWhKMzdiXF2ayy2gn6BddiL2qIB7CwjqluBLHuMIXVvOODUHqfn9C_HR-U5aWULrIayvo3WK6_gogD2TGLvVuKmf_yApM_Mub9Vb-gymBULzJdBeBYbyoQ%26__tn__%3D*NK-R\" target=\"_blank\" rel=\"noopener noreferrer\">#stadtradeln<\/a>\u00a0<a href=\"https:\/\/deref-gmx.net\/mail\/client\/kobzHerVxSA\/dereferrer\/?redirectUrl=https%3A%2F%2Fwww.facebook.com%2Fhashtag%2Fstadtradeln2021%3F__eep__%3D6%26__cft__%5B0%5D%3DAZVxwBipjdzNyfn7kstS520ycltQ8CERBuTfqT0E4vzTvEu7cBnCRNu6TWhKMzdiXF2ayy2gn6BddiL2qIB7CwjqluBLHuMIXVvOODUHqfn9C_HR-U5aWULrIayvo3WK6_gogD2TGLvVuKmf_yApM_Mub9Vb-gymBULzJdBeBYbyoQ%26__tn__%3D*NK-R\" target=\"_blank\" rel=\"noopener noreferrer\">#stadtradeln2021<\/a>\u00a0<a href=\"https:\/\/deref-gmx.net\/mail\/client\/XeVvIlQLyQw\/dereferrer\/?redirectUrl=https%3A%2F%2Fwww.facebook.com%2Fhashtag%2Ffahrrad%3F__eep__%3D6%26__cft__%5B0%5D%3DAZVxwBipjdzNyfn7kstS520ycltQ8CERBuTfqT0E4vzTvEu7cBnCRNu6TWhKMzdiXF2ayy2gn6BddiL2qIB7CwjqluBLHuMIXVvOODUHqfn9C_HR-U5aWULrIayvo3WK6_gogD2TGLvVuKmf_yApM_Mub9Vb-gymBULzJdBeBYbyoQ%26__tn__%3D*NK-R\" target=\"_blank\" rel=\"noopener noreferrer\">#fahrrad<\/p>\n<p><\/a><a href=\"https:\/\/www.mtv-in.de\/fechten\/files\/2021\/05\/Stadtradeln.png\"><img loading=\"lazy\" decoding=\"async\" class=\"alignnone size-full wp-image-977\" src=\"https:\/\/www.mtv-in.de\/fechten\/files\/2021\/05\/Stadtradeln.png\" alt=\"\" width=\"328\" height=\"114\" srcset=\"https:\/\/www.mtv-in.de\/fechten\/files\/2021\/05\/Stadtradeln.png 328w, https:\/\/www.mtv-in.de\/fechten\/files\/2021\/05\/Stadtradeln-300x104.png 300w\" sizes=\"auto, (max-width: 328px) 100vw, 328px\" \/><\/a><a href=\"https:\/\/deref-gmx.net\/mail\/client\/XeVvIlQLyQw\/dereferrer\/?redirectUrl=https%3A%2F%2Fwww.facebook.com%2Fhashtag%2Ffahrrad%3F__eep__%3D6%26__cft__%5B0%5D%3DAZVxwBipjdzNyfn7kstS520ycltQ8CERBuTfqT0E4vzTvEu7cBnCRNu6TWhKMzdiXF2ayy2gn6BddiL2qIB7CwjqluBLHuMIXVvOODUHqfn9C_HR-U5aWULrIayvo3WK6_gogD2TGLvVuKmf_yApM_Mub9Vb-gymBULzJdBeBYbyoQ%26__tn__%3D*NK-R\" target=\"_blank\" rel=\"noopener noreferrer\"><br \/>\n<\/a><\/div>\n<\/div>\n","protected":false},"excerpt":{"rendered":"<p>&#8222;En garde. Pr\u00e9tes. Allez! Auf auf\u00b4s Fahrrad!&#8220; Die Stadt Ingolstadt nimmt vom 26. Juni bis 16. Juli 2021 am STADTRADELN teil. Registrieren kannst du dich unter:\u00a0https:\/\/www.stadtradeln.de\/ingolstadt Dein Team hei\u00dft nat\u00fcrlich &#8222;MTV Ingolstadt Fechten&#8220; Jeder erradelte Kilometer z\u00e4hlt, also motiviert euch, eure Familie und Freunde bei uns mitzumachen! #mehralseinverein\u00a0#zusammenzumziel\u00a0#stadtradeln\u00a0#stadtradeln2021\u00a0#fahrrad<\/p>\n","protected":false},"author":305,"featured_media":0,"comment_status":"closed","ping_status":"closed","sticky":false,"template":"","format":"standard","meta":{"footnotes":""},"categories":[1],"tags":[],"class_list":["post-976","post","type-post","status-publish","format-standard","hentry","category-allgemein"],"_links":{"self":[{"href":"https:\/\/www.mtv-in.de\/fechten\/wp-json\/wp\/v2\/posts\/976","targetHints":{"allow":["GET"]}}],"collection":[{"href":"https:\/\/www.mtv-in.de\/fechten\/wp-json\/wp\/v2\/posts"}],"about":[{"href":"https:\/\/www.mtv-in.de\/fechten\/wp-json\/wp\/v2\/types\/post"}],"author":[{"embeddable":true,"href":"https:\/\/www.mtv-in.de\/fechten\/wp-json\/wp\/v2\/users\/305"}],"replies":[{"embeddable":true,"href":"https:\/\/www.mtv-in.de\/fechten\/wp-json\/wp\/v2\/comments?post=976"}],"version-history":[{"count":2,"href":"https:\/\/www.mtv-in.de\/fechten\/wp-json\/wp\/v2\/posts\/976\/revisions"}],"predecessor-version":[{"id":979,"href":"https:\/\/www.mtv-in.de\/fechten\/wp-json\/wp\/v2\/posts\/976\/revisions\/979"}],"wp:attachment":[{"href":"https:\/\/www.mtv-in.de\/fechten\/wp-json\/wp\/v2\/media?parent=976"}],"wp:term":[{"taxonomy":"category","embeddable":true,"href":"https:\/\/www.mtv-in.de\/fechten\/wp-json\/wp\/v2\/categories?post=976"},{"taxonomy":"post_tag","embeddable":true,"href":"https:\/\/www.mtv-in.de\/fechten\/wp-json\/wp\/v2\/tags?post=976"}],"curies":[{"name":"wp","href":"https:\/\/api.w.org\/{rel}","templated":true}]}}