{"id":1689,"date":"2017-11-17T01:13:31","date_gmt":"2017-11-16T23:13:31","guid":{"rendered":"http:\/\/www.mtv-in.de\/handball\/?p=1689"},"modified":"2017-11-26T01:16:29","modified_gmt":"2017-11-25T23:16:29","slug":"mehr-muehe-als-erwartet","status":"publish","type":"post","link":"https:\/\/www.mtv-in.de\/handball\/2017\/11\/mehr-muehe-als-erwartet\/","title":{"rendered":"[ Mehr M\u00fche als erwartet ]"},"content":{"rendered":"<p>Landesliga: MTV-Handballer fahren gegen Aufsteiger TV Marktsteft einen 36:29-Arbeitssieg ein<\/p>\n<p>Schwerer als gedacht haben sich die MTV-Handballer am vergangenen Sonntag gegen den Landesliga-Neuling TV Marktsteft getan. Am Ende stand f\u00fcr die Schanzer dennoch ein 36:29 (16:16)-Heimsieg zu Buche.<\/p>\n<p>Die Gastgeber, die weiterhin auf Topspieler Stephan Auernhammer sowie Kai Stru\u00df und Marc Gottschall verzichten mussten, legten einen klassischen Fehlstart in die Partie hin. Nach drei Spielminuten f\u00fchrten die G\u00e4ste mit 3:0, ehe Andrej Macovei auf 1:3 verk\u00fcrzen konnte. Dem 2:4 durch abermals Macovei folgten dann zwei Tore vom stark aufspielenden Martin Briatka zum 4:4 (7. Minute). Aber die Ingolst\u00e4dter Abwehr hatte an diesem Sonntag &#8222;Tag der offenen T\u00fcr&#8220;, und so durften die Unterfranken fast jeden Angriff mit einem Treffer abschlie\u00dfen.<\/p>\n<p><a href=\"https:\/\/www.mtv-in.de\/handball\/2017\/11\/mehr-muehe-als-erwartet\/23754950_1616657901727281_8787421743889371491_n\/\" rel=\"attachment wp-att-1690\"><img loading=\"lazy\" decoding=\"async\" class=\"aligncenter size-full wp-image-1690\" src=\"https:\/\/www.mtv-in.de\/handball\/files\/2017\/11\/23754950_1616657901727281_8787421743889371491_n.jpg\" alt=\"\" width=\"960\" height=\"958\" srcset=\"https:\/\/www.mtv-in.de\/handball\/files\/2017\/11\/23754950_1616657901727281_8787421743889371491_n.jpg 960w, https:\/\/www.mtv-in.de\/handball\/files\/2017\/11\/23754950_1616657901727281_8787421743889371491_n-150x150.jpg 150w, https:\/\/www.mtv-in.de\/handball\/files\/2017\/11\/23754950_1616657901727281_8787421743889371491_n-300x300.jpg 300w, https:\/\/www.mtv-in.de\/handball\/files\/2017\/11\/23754950_1616657901727281_8787421743889371491_n-768x766.jpg 768w\" sizes=\"auto, (max-width: 960px) 100vw, 960px\" \/><\/a><!--more--><\/p>\n<p>MTV-Trainer Erik Brasko sah sich folglich gezwungen, nach zehn Minuten einen Torh\u00fcterwechsel vorzunehmen und Emil Homorodan in das MTV-Geh\u00e4use zu schicken. Eine Ma\u00dfnahme, die nur aber kurzzeitig Besserung brachte, denn die agilen G\u00e4ste lagen \u00fcber 6:9 (15.) bis zum 13:16 (27.) weiter in F\u00fchrung, ehe zweimal Briatka und der angeschlagene, zwischenzeitlich eingewechselte Peter Mesiarik den 16:16-Pausenstand erzielten.<\/p>\n<p>Zu Beginn des zweiten Spielabschnitts gelangen Frederik Lauer zwei Tore zur ersten MTV-F\u00fchrung der Partie in der 32. Minute (18:16), und der Favorit schien nun auf die Siegerstra\u00dfe einzubiegen. Aber die k\u00f6rperlich eigentlich unterlegenen G\u00e4ste steckten nicht auf &#8211; und kamen \u00fcber 18:19 (34.) und 21:22 (38.) immer wieder heran.<\/p>\n<p>Erst ab der 45. Spielminute begann sich das Spiel zu drehen. Zwei Treffer von Dino Sabljakovic und ein Tor von Nachwuchstalent Johannes Achhammer f\u00fchrten zur 30:25-F\u00fchrung des MTV Ingolstadt (50.). Zwischenzeitlich war auch Adnan Fejzovic wieder in das Tor der Ingolst\u00e4dter gewechselt und hatte mit einigen starken Paraden den G\u00e4stest\u00fcrmern &#8222;den Zahn gezogen&#8220;.<\/p>\n<p>Die letzten Minuten geh\u00f6rten dann ganz den Hausherren, die nach den anf\u00e4nglichen Schwierigkeiten nun routiniert ihr Repertoire herunterspielten und schlie\u00dflich auch noch zu sehenswerten Treffern kamen, wie beispielsweise durch Macovei mit einem Kempa-Trick in der 56. Minute.<\/p>\n<p>Die G\u00e4ste, die von einer kleinen Schar mitgereister Zuschauer \u00fcber die gesamte Spieldauer lautstark unterst\u00fctzt wurden, ergaben sich nun in ihr Schicksal &#8211; freuten sich nach Spielende aber dar\u00fcber, dem Favoriten \u00fcber zumindest 40 Minuten Paroli geboten zu haben.<\/p>\n<p>&#8222;Die ersten 30 Spielminuten sa\u00dfen wir oft kopfsch\u00fcttelnd auf der Bank wegen der Abwehrleistung und der ausgelassenen Torchancen. Aber die Tatsache, dass Auernhammer, Stru\u00df und Gottschall ganz ausfielen und drei Spieler angeschlagen in die Partie gegangen waren, stimmt mich etwas milder&#8220;, sagte MTV-Trainer Brasko nach Spielende.<\/p>\n<p>Viel Zeit f\u00fcr die medizinische Abteilung bleibt nicht, denn der MTV muss bereits am Samstag um 19.30 Uhr wieder beim heimstarken ASV Cham antreten. Und die Brasko-Truppe ist gewarnt: Denn der Tabellensiebte hat bislang erst drei Niederlagen auf dem Konto &#8211; genauso viele wie die Schanzer.<\/p>\n<p>MTV Ingolstadt: Fejzovic, Homorodan (beide Tor), Sabljakovic, Briatka, Macovei (je 9), Lauer (3), Mesiarik (2), Achhammer, Huzejrovic, Geier, Herrmann (je 1).<\/p>\n<p>Quelle: <a class=\"profileLink\" href=\"https:\/\/www.facebook.com\/donaukurier.online\/?fref=mentions\">donaukurier<\/a> J\/H<\/p>\n","protected":false},"excerpt":{"rendered":"<p>Landesliga: MTV-Handballer fahren gegen Aufsteiger TV Marktsteft einen 36:29-Arbeitssieg ein Schwerer als gedacht haben sich die MTV-Handballer am vergangenen Sonntag gegen den Landesliga-Neuling TV Marktsteft getan. Am Ende stand f\u00fcr die Schanzer dennoch ein 36:29 (16:16)-Heimsieg zu Buche. Die Gastgeber, die weiterhin auf Topspieler Stephan Auernhammer sowie Kai Stru\u00df und Marc Gottschall verzichten mussten, legten [&hellip;]<\/p>\n","protected":false},"author":140,"featured_media":0,"comment_status":"closed","ping_status":"closed","sticky":false,"template":"","format":"standard","meta":{"footnotes":""},"categories":[31],"tags":[],"class_list":["post-1689","post","type-post","status-publish","format-standard","hentry","category-herren-1"],"_links":{"self":[{"href":"https:\/\/www.mtv-in.de\/handball\/wp-json\/wp\/v2\/posts\/1689","targetHints":{"allow":["GET"]}}],"collection":[{"href":"https:\/\/www.mtv-in.de\/handball\/wp-json\/wp\/v2\/posts"}],"about":[{"href":"https:\/\/www.mtv-in.de\/handball\/wp-json\/wp\/v2\/types\/post"}],"author":[{"embeddable":true,"href":"https:\/\/www.mtv-in.de\/handball\/wp-json\/wp\/v2\/users\/140"}],"replies":[{"embeddable":true,"href":"https:\/\/www.mtv-in.de\/handball\/wp-json\/wp\/v2\/comments?post=1689"}],"version-history":[{"count":2,"href":"https:\/\/www.mtv-in.de\/handball\/wp-json\/wp\/v2\/posts\/1689\/revisions"}],"predecessor-version":[{"id":1692,"href":"https:\/\/www.mtv-in.de\/handball\/wp-json\/wp\/v2\/posts\/1689\/revisions\/1692"}],"wp:attachment":[{"href":"https:\/\/www.mtv-in.de\/handball\/wp-json\/wp\/v2\/media?parent=1689"}],"wp:term":[{"taxonomy":"category","embeddable":true,"href":"https:\/\/www.mtv-in.de\/handball\/wp-json\/wp\/v2\/categories?post=1689"},{"taxonomy":"post_tag","embeddable":true,"href":"https:\/\/www.mtv-in.de\/handball\/wp-json\/wp\/v2\/tags?post=1689"}],"curies":[{"name":"wp","href":"https:\/\/api.w.org\/{rel}","templated":true}]}}