{"id":1888,"date":"2019-01-29T10:15:57","date_gmt":"2019-01-29T08:15:57","guid":{"rendered":"http:\/\/www.mtv-in.de\/handball\/?p=1888"},"modified":"2019-01-29T10:15:57","modified_gmt":"2019-01-29T08:15:57","slug":"damen-i-deutliche-niederlage-in-erdweg","status":"publish","type":"post","link":"https:\/\/www.mtv-in.de\/handball\/2019\/01\/damen-i-deutliche-niederlage-in-erdweg\/","title":{"rendered":"Damen I: Deutliche Niederlage in Erdweg"},"content":{"rendered":"<p>Der Auftakt der R\u00fcckrunde f\u00fcr die Damen I in der Bezirksliga lief nicht ganz so wie geplant. Zwar startete das Spiel noch vielversprechend. Die Abwehr stand konzentriert, der erste 7m f\u00fcr uns nach einer Minute von Mathilda sauber eingenetzt und danach katapultierte Anna aus dem R\u00fcckraum den Ball schnurgerade ins Tor. Aber dann kam die Wende. Kurz danach lie\u00df die Konzentration vor allem im Angriff nach: zwei P\u00e4sse abgefangen, zwei Fehlp\u00e4sse und Erdweg bestrafte jeden Fehler sehr konsequent im Tempogegensto\u00df mit einem Tor und schaffte es von 0:2 auf 6:2 den Ingolst\u00e4dterinnen zu enteilen. Die MTV Damen schafften es zwar noch einmal sich bis auf zwei Tore zum 7:5 heranzuarbeiten, ohne jedoch ernsthaft die Damen aus Erdweg aus dem Konzept zu bringen.\u00a0 Die Nr. 6 aus Erdweg machte uns das Leben trotz individueller Manndeckung schwer. Vor allem bei den Freiw\u00fcrfen brachte sie unsere Abwehr ein ums andere Mal in Verlegenheit und es stand kein ad\u00e4quates Gegenmittel dagegen. Am Ende standen 11 Treffer auf ihrem Konto, deutlich zu viele. Auf unserer Seite stand keine zwingende Spielidee dagegen. Zahlreiche unn\u00f6tige Ballverluste, vergebene Torchancen, fehlende Abstimmung im Zusammenspiel lie\u00dfen den Angriff eher zerfahren wirken. Und so standen nach 60 Minuten 29:20 Tore f\u00fcr Erdweg auf der Tafel.\u00a0 Der einzige Lichtblick: Immer wieder waren sehr sch\u00f6ne Phasen zu beobachten und von allen Positionen fielen Tore. Auch die Leistung beider Torh\u00fcterinnen war wieder sehr ansprechend. (fl)<\/p>\n<p>F\u00fcr den MTV Ingolstadt spielten:<\/p>\n<p>Astrid Czekala (T), Anja H\u00e4usler (T), Hanna Fischer (2), Amelie Piechullek (2), Ann-Charlotte Dietz, Theresa Grad (1), Lena Zimmermann (2), Marina Rib (1), Stefanie Tittmann (1), Luise Moser (3), Mathilda L\u00fcder (6), Olga Faber, Teresa Stoll (1)<\/p>\n","protected":false},"excerpt":{"rendered":"<p>Der Auftakt der R\u00fcckrunde f\u00fcr die Damen I in der Bezirksliga lief nicht ganz so wie geplant. Zwar startete das Spiel noch vielversprechend. Die Abwehr stand konzentriert, der erste 7m f\u00fcr uns nach einer Minute von Mathilda sauber eingenetzt und danach katapultierte Anna aus dem R\u00fcckraum den Ball schnurgerade ins Tor. Aber dann kam die [&hellip;]<\/p>\n","protected":false},"author":303,"featured_media":0,"comment_status":"closed","ping_status":"closed","sticky":false,"template":"","format":"standard","meta":{"footnotes":""},"categories":[36],"tags":[],"class_list":["post-1888","post","type-post","status-publish","format-standard","hentry","category-damen"],"_links":{"self":[{"href":"https:\/\/www.mtv-in.de\/handball\/wp-json\/wp\/v2\/posts\/1888","targetHints":{"allow":["GET"]}}],"collection":[{"href":"https:\/\/www.mtv-in.de\/handball\/wp-json\/wp\/v2\/posts"}],"about":[{"href":"https:\/\/www.mtv-in.de\/handball\/wp-json\/wp\/v2\/types\/post"}],"author":[{"embeddable":true,"href":"https:\/\/www.mtv-in.de\/handball\/wp-json\/wp\/v2\/users\/303"}],"replies":[{"embeddable":true,"href":"https:\/\/www.mtv-in.de\/handball\/wp-json\/wp\/v2\/comments?post=1888"}],"version-history":[{"count":1,"href":"https:\/\/www.mtv-in.de\/handball\/wp-json\/wp\/v2\/posts\/1888\/revisions"}],"predecessor-version":[{"id":1889,"href":"https:\/\/www.mtv-in.de\/handball\/wp-json\/wp\/v2\/posts\/1888\/revisions\/1889"}],"wp:attachment":[{"href":"https:\/\/www.mtv-in.de\/handball\/wp-json\/wp\/v2\/media?parent=1888"}],"wp:term":[{"taxonomy":"category","embeddable":true,"href":"https:\/\/www.mtv-in.de\/handball\/wp-json\/wp\/v2\/categories?post=1888"},{"taxonomy":"post_tag","embeddable":true,"href":"https:\/\/www.mtv-in.de\/handball\/wp-json\/wp\/v2\/tags?post=1888"}],"curies":[{"name":"wp","href":"https:\/\/api.w.org\/{rel}","templated":true}]}}