{"id":1971,"date":"2019-05-08T11:09:18","date_gmt":"2019-05-08T09:09:18","guid":{"rendered":"http:\/\/www.mtv-in.de\/handball\/?p=1971"},"modified":"2019-05-08T11:09:18","modified_gmt":"2019-05-08T09:09:18","slug":"schweizer-kaese-in-der-abwehr","status":"publish","type":"post","link":"https:\/\/www.mtv-in.de\/handball\/2019\/05\/schweizer-kaese-in-der-abwehr\/","title":{"rendered":"&#8222;Schweizer K\u00e4se in der Abwehr&#8220;"},"content":{"rendered":"<p><a href='https:\/\/www.donaukurier.de\/sport\/lokalsport\/ingolstadt\/Schweizer-Kaese-in-der-Abwehr;art1721,4168280'><strong>MTV-Handballer k\u00f6nnen beim Bayernliga-Aufsteiger TG Heidingsfeld nur zu Beginn mithalten<\/strong><\/a><br \/>Ingolstadt (DK) &#8222;Geht raus und habt Spa\u00df&#8220;, lautete die Anweisung von Trainer Norbert Hartmann vor dem letzten Ausw\u00e4rtsspiel der MTV-Handballer beim Meister und Aufsteiger in die Bayernliga, der TG Heidingsfeld.<\/p>\n<p><a>Lesen Sie mehr auf donaukurier.de<\/a><\/p>\n","protected":false},"excerpt":{"rendered":"<p>MTV-Handballer k\u00f6nnen beim Bayernliga-Aufsteiger TG Heidingsfeld nur zu Beginn mithaltenIngolstadt (DK) &#8222;Geht raus und habt Spa\u00df&#8220;, lautete die Anweisung von Trainer Norbert Hartmann vor dem letzten Ausw\u00e4rtsspiel der MTV-Handballer beim Meister und Aufsteiger in die Bayernliga, der TG Heidingsfeld. Lesen Sie mehr auf donaukurier.de<\/p>\n","protected":false},"author":303,"featured_media":0,"comment_status":"closed","ping_status":"closed","sticky":false,"template":"","format":"standard","meta":{"footnotes":""},"categories":[1],"tags":[],"class_list":["post-1971","post","type-post","status-publish","format-standard","hentry","category-allgemein"],"_links":{"self":[{"href":"https:\/\/www.mtv-in.de\/handball\/wp-json\/wp\/v2\/posts\/1971","targetHints":{"allow":["GET"]}}],"collection":[{"href":"https:\/\/www.mtv-in.de\/handball\/wp-json\/wp\/v2\/posts"}],"about":[{"href":"https:\/\/www.mtv-in.de\/handball\/wp-json\/wp\/v2\/types\/post"}],"author":[{"embeddable":true,"href":"https:\/\/www.mtv-in.de\/handball\/wp-json\/wp\/v2\/users\/303"}],"replies":[{"embeddable":true,"href":"https:\/\/www.mtv-in.de\/handball\/wp-json\/wp\/v2\/comments?post=1971"}],"version-history":[{"count":1,"href":"https:\/\/www.mtv-in.de\/handball\/wp-json\/wp\/v2\/posts\/1971\/revisions"}],"predecessor-version":[{"id":1972,"href":"https:\/\/www.mtv-in.de\/handball\/wp-json\/wp\/v2\/posts\/1971\/revisions\/1972"}],"wp:attachment":[{"href":"https:\/\/www.mtv-in.de\/handball\/wp-json\/wp\/v2\/media?parent=1971"}],"wp:term":[{"taxonomy":"category","embeddable":true,"href":"https:\/\/www.mtv-in.de\/handball\/wp-json\/wp\/v2\/categories?post=1971"},{"taxonomy":"post_tag","embeddable":true,"href":"https:\/\/www.mtv-in.de\/handball\/wp-json\/wp\/v2\/tags?post=1971"}],"curies":[{"name":"wp","href":"https:\/\/api.w.org\/{rel}","templated":true}]}}