{"id":2223,"date":"2022-10-10T13:30:26","date_gmt":"2022-10-10T11:30:26","guid":{"rendered":"https:\/\/www.mtv-in.de\/handball\/?p=2223"},"modified":"2022-10-10T13:30:26","modified_gmt":"2022-10-10T11:30:26","slug":"neuaufbau-bei-den-mtv-handballern","status":"publish","type":"post","link":"https:\/\/www.mtv-in.de\/handball\/2022\/10\/neuaufbau-bei-den-mtv-handballern\/","title":{"rendered":"Neuaufbau bei den MTV-Handballern"},"content":{"rendered":"<p>Zwei Jahre nach dem (auch coronabedingten) R\u00fcckzug der MTV-Handballer aus der Landesliga versuchen die MTV-Handballer einen Neuanfang bei ihrer M\u00e4nnermannschaft. Aber diesmal unter ganz anderen Vorzeichen wie Abteilungsleiter Werner Langmeier erkl\u00e4rt: \u201eDa wir wieder in der untersten Klasse anfangen, steht der Spa\u00df am Handball und das Gesellige im Vordergrund.\u201c \u00c4hnlich sieht es auch der Trainer Dino Sabljakovic, ehemaliger Spieler der erfolgreichen Landesligamannschaft: \u201eWir sind gerade ganz am Anfang des Aufbaues eines neuen Teams. Jeder neue Spieler, ob Anf\u00e4nger oder mit langj\u00e4hriger Spielpraxis, ist uns willkommen.\u201c<\/p>\n","protected":false},"excerpt":{"rendered":"<p>Zwei Jahre nach dem (auch coronabedingten) R\u00fcckzug der MTV-Handballer aus der Landesliga versuchen die MTV-Handballer einen Neuanfang bei ihrer M\u00e4nnermannschaft. Aber diesmal unter ganz anderen Vorzeichen wie Abteilungsleiter Werner Langmeier erkl\u00e4rt: \u201eDa wir wieder in der untersten Klasse anfangen, steht der Spa\u00df am Handball und das Gesellige im Vordergrund.\u201c \u00c4hnlich sieht es auch der Trainer [&hellip;]<\/p>\n","protected":false},"author":303,"featured_media":0,"comment_status":"closed","ping_status":"closed","sticky":false,"template":"","format":"standard","meta":{"footnotes":""},"categories":[1],"tags":[],"class_list":["post-2223","post","type-post","status-publish","format-standard","hentry","category-allgemein"],"_links":{"self":[{"href":"https:\/\/www.mtv-in.de\/handball\/wp-json\/wp\/v2\/posts\/2223","targetHints":{"allow":["GET"]}}],"collection":[{"href":"https:\/\/www.mtv-in.de\/handball\/wp-json\/wp\/v2\/posts"}],"about":[{"href":"https:\/\/www.mtv-in.de\/handball\/wp-json\/wp\/v2\/types\/post"}],"author":[{"embeddable":true,"href":"https:\/\/www.mtv-in.de\/handball\/wp-json\/wp\/v2\/users\/303"}],"replies":[{"embeddable":true,"href":"https:\/\/www.mtv-in.de\/handball\/wp-json\/wp\/v2\/comments?post=2223"}],"version-history":[{"count":1,"href":"https:\/\/www.mtv-in.de\/handball\/wp-json\/wp\/v2\/posts\/2223\/revisions"}],"predecessor-version":[{"id":2224,"href":"https:\/\/www.mtv-in.de\/handball\/wp-json\/wp\/v2\/posts\/2223\/revisions\/2224"}],"wp:attachment":[{"href":"https:\/\/www.mtv-in.de\/handball\/wp-json\/wp\/v2\/media?parent=2223"}],"wp:term":[{"taxonomy":"category","embeddable":true,"href":"https:\/\/www.mtv-in.de\/handball\/wp-json\/wp\/v2\/categories?post=2223"},{"taxonomy":"post_tag","embeddable":true,"href":"https:\/\/www.mtv-in.de\/handball\/wp-json\/wp\/v2\/tags?post=2223"}],"curies":[{"name":"wp","href":"https:\/\/api.w.org\/{rel}","templated":true}]}}