{"id":597,"date":"2013-03-27T23:00:37","date_gmt":"2013-03-27T21:00:37","guid":{"rendered":"http:\/\/www.mtv-in.de\/handball\/?p=597"},"modified":"2013-04-10T23:01:52","modified_gmt":"2013-04-10T21:01:52","slug":"597","status":"publish","type":"post","link":"https:\/\/www.mtv-in.de\/handball\/2013\/03\/597\/","title":{"rendered":"\u2026das schreibt der Gegner \/ Pfarrkirchner Bericht zum 20. Spiel"},"content":{"rendered":"<h1><strong>Ohne Fortune<\/strong><\/h1>\n<h5><strong>Der Tabellendritte gegen den Tabellenelften, Aufstiegsfavorit gegen Abstiegskandidat. Die Rollen vor dem Spiel gegen den MTV Ingolstadt waren klar verteilt, vor allem da die Rot-Wei\u00dfen im Hinspiel mir 33:22 unter die R\u00e4der gekommen waren. Dennoch gingen die Hausherren nicht ohne Zuversicht in die Partie, allein schon weil man in der Kreisstadt derzeit zuversichtlich sein muss, angesichts der dringend ben\u00f6tigten Punkte im Kampf um den Klassenerhalt.<\/strong><\/h5>\n<p>Im Gegensatz zum Hinspiel konnten die Rottaler das Aufeinandertreffen in der ersten Halbzeit deutlich ausgeglichener gestalten. Zwar lagen die Schanzer immer in Front jedoch meistens nur mit ein oder zwei Toren. Pfarrkirchen zeigte sich deutlich spielfreudiger als in den letzten Begegnungen und auch die Abwehr wirkte bisweilen stabiler. Dar\u00fcber hinaus war in der ersten Halbzeit \u2013 wie so oft \u2013 Verlass auf Torwart Rocco Stockhecke, der zahlreiche Ingolst\u00e4dter Gro\u00dfchancen entsch\u00e4rfte.<\/p>\n<p>Nach dem Seitenwechsel schloss das Geschehen auf der Platte nahtlos an die erste Halbzeit an; der MTV weiter in Front, jedoch immer in Sichtweite der TUSler \u2013 bis zur 45. Minute. Beim Stand von 21:22 verpassten es die Rottaler trotz guter Chancen den Ausgleich zu erzielen und kassierten stattdessen f\u00fcnf Tore in Folge \u2013 21:27, die Partie war so gut wie entschieden. Die Gastgeber schafften es zwar noch einmal sich etwas heranzuk\u00e4mpfen 24:27, jedoch war dies das letzte Aufb\u00e4umen und die G\u00e4ste unter der Leitung des ehemaligen Slowakischen Nationaltorh\u00fcters und Olympiateilnehmers Peter Mesiarik konterten das spiel routiniert zu Ende (25:31).<\/p>\n<p>Letztlich ein, wenn auch nicht in der H\u00f6he, verdienter Sieg des MTV, der wieder einmal das grundlegende Problem des TUS Pfarrkirchen verdeutlichte: ein ausrechenbares und die fehlende Breite de Kaders. Von den 25 Toren entfielen 21 auf die drei R\u00fcckraumspieler Thomas Bauer, Magnus Altsch\u00e4fl und Jens Tartler. Als Trainer Frieder Tartler Mitte der zweiten Halbzeit Magnus Altsch\u00e4fl auf Linksau\u00dfen einsetzte, um die Schlagkraft \u00fcber die harmlosen Fl\u00fcgel zu erh\u00f6hen, f\u00fchrte dies zwar zu einigen sehenswerten Treffern von Au\u00dfen, jedoch war nun der Spielfluss im R\u00fcckraum fast zum erliegen gekommen. Dass das, in der letzten Saison so dominante, Spiel \u00fcber den Kreis derzeit zu fast keinen Toren mehr f\u00fchrt, auch wenn sich Daniel Hedwig redlich bem\u00fchte, tut sein \u00fcbriges.<\/p>\n","protected":false},"excerpt":{"rendered":"<p>Ohne Fortune Der Tabellendritte gegen den Tabellenelften, Aufstiegsfavorit gegen Abstiegskandidat. Die Rollen vor dem Spiel gegen den MTV Ingolstadt waren klar verteilt, vor allem da die Rot-Wei\u00dfen im Hinspiel mir 33:22 unter die R\u00e4der gekommen waren. Dennoch gingen die Hausherren nicht ohne Zuversicht in die Partie, allein schon weil man in der Kreisstadt derzeit zuversichtlich [&hellip;]<\/p>\n","protected":false},"author":140,"featured_media":0,"comment_status":"closed","ping_status":"closed","sticky":false,"template":"","format":"standard","meta":{"footnotes":""},"categories":[1],"tags":[],"class_list":["post-597","post","type-post","status-publish","format-standard","hentry","category-allgemein"],"_links":{"self":[{"href":"https:\/\/www.mtv-in.de\/handball\/wp-json\/wp\/v2\/posts\/597","targetHints":{"allow":["GET"]}}],"collection":[{"href":"https:\/\/www.mtv-in.de\/handball\/wp-json\/wp\/v2\/posts"}],"about":[{"href":"https:\/\/www.mtv-in.de\/handball\/wp-json\/wp\/v2\/types\/post"}],"author":[{"embeddable":true,"href":"https:\/\/www.mtv-in.de\/handball\/wp-json\/wp\/v2\/users\/140"}],"replies":[{"embeddable":true,"href":"https:\/\/www.mtv-in.de\/handball\/wp-json\/wp\/v2\/comments?post=597"}],"version-history":[{"count":3,"href":"https:\/\/www.mtv-in.de\/handball\/wp-json\/wp\/v2\/posts\/597\/revisions"}],"predecessor-version":[{"id":600,"href":"https:\/\/www.mtv-in.de\/handball\/wp-json\/wp\/v2\/posts\/597\/revisions\/600"}],"wp:attachment":[{"href":"https:\/\/www.mtv-in.de\/handball\/wp-json\/wp\/v2\/media?parent=597"}],"wp:term":[{"taxonomy":"category","embeddable":true,"href":"https:\/\/www.mtv-in.de\/handball\/wp-json\/wp\/v2\/categories?post=597"},{"taxonomy":"post_tag","embeddable":true,"href":"https:\/\/www.mtv-in.de\/handball\/wp-json\/wp\/v2\/tags?post=597"}],"curies":[{"name":"wp","href":"https:\/\/api.w.org\/{rel}","templated":true}]}}