{"id":609,"date":"2013-05-24T19:04:50","date_gmt":"2013-05-24T17:04:50","guid":{"rendered":"http:\/\/www.mtv-in.de\/handball\/?p=609"},"modified":"2013-05-24T19:04:50","modified_gmt":"2013-05-24T17:04:50","slug":"neues-aus-der-presse-23-donau-kurier-ingolstadt","status":"publish","type":"post","link":"https:\/\/www.mtv-in.de\/handball\/2013\/05\/neues-aus-der-presse-23-donau-kurier-ingolstadt\/","title":{"rendered":"Neues aus der Presse 23 \/ DONAU KURIER Ingolstadt"},"content":{"rendered":"<h1><strong>Zu kleiner Kader<\/strong><\/h1>\n<h6><strong>Mit traditionell hohen Zielen ist die neu formierte Handballmannschaft des MTV Ingolstadt in die vergangene Saison gestartet. Nach der Vorrunde f\u00fchrten die Ingolst\u00e4dter auch noch die Tabelle der Bezirksoberliga Altbayern an, am Ende verpassten sie den Aufstieg aber erneut.<\/strong><\/h6>\n<figure id=\"attachment_614\" aria-describedby=\"caption-attachment-614\" style=\"width: 900px\" class=\"wp-caption aligncenter\"><a href=\"https:\/\/www.mtv-in.de\/handball\/files\/2013\/05\/scrn_158.jpg\"><img loading=\"lazy\" decoding=\"async\" class=\"size-full wp-image-614\" alt=\"Gro\u00dfes Talent: Dennis Weilland vom MTV Ingolstadt - Foto: Mundt\" src=\"https:\/\/www.mtv-in.de\/handball\/files\/2013\/05\/scrn_158.jpg\" width=\"900\" height=\"544\" srcset=\"https:\/\/www.mtv-in.de\/handball\/files\/2013\/05\/scrn_158.jpg 900w, https:\/\/www.mtv-in.de\/handball\/files\/2013\/05\/scrn_158-300x181.jpg 300w\" sizes=\"auto, (max-width: 900px) 100vw, 900px\" \/><\/a><figcaption id=\"caption-attachment-614\" class=\"wp-caption-text\">Gro\u00dfes Talent: Dennis Weilland vom MTV Ingolstadt &#8211; Foto: Mundt<\/figcaption><\/figure>\n<p>Die geplante Fusion der HG Ingolstadt mit dem MTV Ingolstadt war vor der vergangenen Spielzeit noch nicht zu realisieren. Und dennoch setzte sich der Kader des MTV Ingolstadt aus Spielern beider Mannschaften zusammen. Nach einer gemeinsamen Vorbereitung ging ein 14 Mann starkes Team hervor, das unter Trainer Peter Mesiarik den Aufstieg in die Landesliga schaffen sollte. Doch genau der kleine Kader gab laut Mesiarik am Ende wohl den Ausschlag, dass die Ingolst\u00e4dter die Meisterschaft und damit den lang ersehnten Aufstieg um zwei Punkte verpassten. \u201eWir hatten zu wenige Spieler, um um den Aufstieg mitspielen zu k\u00f6nnen\u201c, sagt Mesiarik.<\/p>\n<p>In der Hinrunde war davon allerdings noch nicht viel zu sp\u00fcren. Zwar gab es bereits in der dritten Partie gegen den Landesligaabsteiger TSV Indersdorf die erste und \u201edie wohl entscheidende Heimniederlage, dass wir am Ende nicht mehr aufsteigen konnten\u201c, so Mesiarik. Der Rest der Hinrunde aber verlief planm\u00e4\u00dfig. Einzig gegen die SpVgg Altenerding mussten die damals stark ersatzgeschw\u00e4chten Ingolst\u00e4dter weitere Punkte abgeben.<\/p>\n<p>\u201eUnsere schweren Spiele hatten wir alle nach Weihnachten\u201c, sagt Mesiarik und blickt auf die ersten Partien nach der kurzen Winterpause zur\u00fcck. Das erste Spiel der zweiten Saisonh\u00e4lfte gewannen die Schanzer zwar noch, doch bereits der ASV Dachau brachte dem MTV in der folgenden Partie seine zweite Heimniederlage der Saison bei.<\/p>\n<p>Zwar patzten auch die anderen Mannschaften der Spitzengruppe, am Ende aber war der TSV Indersdorf um die besagten zwei Punkte besser als die punktgleichen Mainburger (Rang zwei) und Ingolst\u00e4dter (Rang drei).<\/p>\n<p>Trotz des verpassten Aufstiegs blicken die Ingolst\u00e4dter auf eine gute Saison zur\u00fcck. Einzig die beiden Absteiger aus der Landesliga schafften es, sich vor den Schanzern zu platzieren. F\u00fcr die kommende Saison ist der Ingolst\u00e4dter Trainer bereits auf der Suche nach Verst\u00e4rkungen, damit der lang ersehnte Aufstieg realisiert werden kann. \u201eWir m\u00fcssen uns vor allem in der Breite verst\u00e4rken. Mit ein bisschen Gl\u00fcck sind wir dann auch in der kommenden Saison oben dabei\u201c, spekuliert Mesiarik.<\/p>\n<p><span style=\"text-decoration: underline;color: #008000\"><strong>\u00a0+Das war GUT+<\/strong>\u00a0\u00a0<\/span><\/p>\n<p>Gut war vor allem, dass sich bereits zu Saisonbeginn aus ehemaligen Spielern der HG Ingolstadt und Akteuren des MTV Ingolstadt eine eingeschworene und schlagfertige Mannschaft entwickelte. Diese war laut Trainer Peter Mesiarik individuell auch st\u00e4rker als der Kader der vergangenen Jahre besetzt. Die Spielzeit brachte zudem ein gro\u00dfes Talent zum Vorschein:<\/p>\n<p>Denis Weilland gl\u00e4nzte ein ums andere Mal auf der Torwartposition.<\/p>\n<p><strong><span style=\"text-decoration: underline\"><span style=\"color: #ff0000;text-decoration: underline\">-Das war SCHLECHT-<\/span><\/span><\/strong><\/p>\n<p>Gr\u00f6\u00dftes Manko der vergangenen Saison war der d\u00fcnn besetzte Kader. Mit nur 14 Mann starken Team konnten Ausf\u00e4lle nie kompensiert werden. Die Folge waren unn\u00f6tige Niederlagen wie beispielsweise gegen Altenerding, als man auf f\u00fcnf Spieler verzichten musste. Zudem verloren die Ingolst\u00e4dter vor allem die wichtigen Spiele. So unterlag der MTV gleich zweimal gegen Aufsteiger Indersdorf. F\u00fcr den Aufstieg reicht das dann eben nicht.<\/p>\n<p>( DK \u2013 Florian Mandl )<\/p>\n<p>&nbsp;<\/p>\n","protected":false},"excerpt":{"rendered":"<p>Zu kleiner Kader Mit traditionell hohen Zielen ist die neu formierte Handballmannschaft des MTV Ingolstadt in die vergangene Saison gestartet. Nach der Vorrunde f\u00fchrten die Ingolst\u00e4dter auch noch die Tabelle der Bezirksoberliga Altbayern an, am Ende verpassten sie den Aufstieg aber erneut. Die geplante Fusion der HG Ingolstadt mit dem MTV Ingolstadt war vor der [&hellip;]<\/p>\n","protected":false},"author":140,"featured_media":0,"comment_status":"closed","ping_status":"closed","sticky":false,"template":"","format":"standard","meta":{"footnotes":""},"categories":[1],"tags":[],"class_list":["post-609","post","type-post","status-publish","format-standard","hentry","category-allgemein"],"_links":{"self":[{"href":"https:\/\/www.mtv-in.de\/handball\/wp-json\/wp\/v2\/posts\/609","targetHints":{"allow":["GET"]}}],"collection":[{"href":"https:\/\/www.mtv-in.de\/handball\/wp-json\/wp\/v2\/posts"}],"about":[{"href":"https:\/\/www.mtv-in.de\/handball\/wp-json\/wp\/v2\/types\/post"}],"author":[{"embeddable":true,"href":"https:\/\/www.mtv-in.de\/handball\/wp-json\/wp\/v2\/users\/140"}],"replies":[{"embeddable":true,"href":"https:\/\/www.mtv-in.de\/handball\/wp-json\/wp\/v2\/comments?post=609"}],"version-history":[{"count":6,"href":"https:\/\/www.mtv-in.de\/handball\/wp-json\/wp\/v2\/posts\/609\/revisions"}],"predecessor-version":[{"id":617,"href":"https:\/\/www.mtv-in.de\/handball\/wp-json\/wp\/v2\/posts\/609\/revisions\/617"}],"wp:attachment":[{"href":"https:\/\/www.mtv-in.de\/handball\/wp-json\/wp\/v2\/media?parent=609"}],"wp:term":[{"taxonomy":"category","embeddable":true,"href":"https:\/\/www.mtv-in.de\/handball\/wp-json\/wp\/v2\/categories?post=609"},{"taxonomy":"post_tag","embeddable":true,"href":"https:\/\/www.mtv-in.de\/handball\/wp-json\/wp\/v2\/tags?post=609"}],"curies":[{"name":"wp","href":"https:\/\/api.w.org\/{rel}","templated":true}]}}