{"id":1287,"date":"2023-04-25T15:08:59","date_gmt":"2023-04-25T13:08:59","guid":{"rendered":"https:\/\/www.mtv-in.de\/judo\/?p=1287"},"modified":"2025-04-04T10:47:15","modified_gmt":"2025-04-04T08:47:15","slug":"unser-nachwuchs-trainiert-fleissig-damit-uns-die-kaempfer-in-der-liga-nicht-ausgehen","status":"publish","type":"post","link":"https:\/\/www.mtv-in.de\/judo\/2023\/04\/unser-nachwuchs-trainiert-fleissig-damit-uns-die-kaempfer-in-der-liga-nicht-ausgehen\/","title":{"rendered":"+++ Unser Nachwuchs trainiert flei\u00dfig, damit uns die K\u00e4mpfer in der Liga nicht ausgehen +++"},"content":{"rendered":"\n<p class=\"has-text-align-center\">Den Termin f\u00fcr unseren n\u00e4chste Landesliga Heimkampf am 13.05.2023 gegen den <br>Judoclub Jahn N\u00fcrnberg 2012 vormerken!<\/p>\n\n\n\n<figure class=\"wp-block-image size-large\"><a href=\"https:\/\/www.mtv-in.de\/judo\/files\/2023\/04\/IMG_7923-Kopie.jpg\"><img loading=\"lazy\" decoding=\"async\" width=\"1024\" height=\"954\" src=\"https:\/\/www.mtv-in.de\/judo\/files\/2023\/04\/IMG_7923-Kopie-1024x954.jpg\" alt=\"\" class=\"wp-image-1288\" srcset=\"https:\/\/www.mtv-in.de\/judo\/files\/2023\/04\/IMG_7923-Kopie-1024x954.jpg 1024w, https:\/\/www.mtv-in.de\/judo\/files\/2023\/04\/IMG_7923-Kopie-300x279.jpg 300w, https:\/\/www.mtv-in.de\/judo\/files\/2023\/04\/IMG_7923-Kopie-768x715.jpg 768w, https:\/\/www.mtv-in.de\/judo\/files\/2023\/04\/IMG_7923-Kopie.jpg 1500w\" sizes=\"auto, (max-width: 1024px) 100vw, 1024px\" \/><\/a><\/figure>\n","protected":false},"excerpt":{"rendered":"<p>Den Termin f\u00fcr unseren n\u00e4chste Landesliga Heimkampf am 13.05.2023 gegen den Judoclub Jahn N\u00fcrnberg 2012 vormerken!<\/p>\n","protected":false},"author":331,"featured_media":0,"comment_status":"closed","ping_status":"closed","sticky":false,"template":"","format":"standard","meta":{"footnotes":""},"categories":[1],"tags":[],"class_list":["post-1287","post","type-post","status-publish","format-standard","hentry","category-allgemein"],"_links":{"self":[{"href":"https:\/\/www.mtv-in.de\/judo\/wp-json\/wp\/v2\/posts\/1287","targetHints":{"allow":["GET"]}}],"collection":[{"href":"https:\/\/www.mtv-in.de\/judo\/wp-json\/wp\/v2\/posts"}],"about":[{"href":"https:\/\/www.mtv-in.de\/judo\/wp-json\/wp\/v2\/types\/post"}],"author":[{"embeddable":true,"href":"https:\/\/www.mtv-in.de\/judo\/wp-json\/wp\/v2\/users\/331"}],"replies":[{"embeddable":true,"href":"https:\/\/www.mtv-in.de\/judo\/wp-json\/wp\/v2\/comments?post=1287"}],"version-history":[{"count":1,"href":"https:\/\/www.mtv-in.de\/judo\/wp-json\/wp\/v2\/posts\/1287\/revisions"}],"predecessor-version":[{"id":1289,"href":"https:\/\/www.mtv-in.de\/judo\/wp-json\/wp\/v2\/posts\/1287\/revisions\/1289"}],"wp:attachment":[{"href":"https:\/\/www.mtv-in.de\/judo\/wp-json\/wp\/v2\/media?parent=1287"}],"wp:term":[{"taxonomy":"category","embeddable":true,"href":"https:\/\/www.mtv-in.de\/judo\/wp-json\/wp\/v2\/categories?post=1287"},{"taxonomy":"post_tag","embeddable":true,"href":"https:\/\/www.mtv-in.de\/judo\/wp-json\/wp\/v2\/tags?post=1287"}],"curies":[{"name":"wp","href":"https:\/\/api.w.org\/{rel}","templated":true}]}}