{"id":1296,"date":"2023-05-15T15:11:18","date_gmt":"2023-05-15T13:11:18","guid":{"rendered":"https:\/\/www.mtv-in.de\/judo\/?p=1296"},"modified":"2025-04-04T10:46:57","modified_gmt":"2025-04-04T08:46:57","slug":"mtv-landesliga-mannschaft-voruebergehend-auf-den-zweiten-tabellenplatz-abgerutscht","status":"publish","type":"post","link":"https:\/\/www.mtv-in.de\/judo\/2023\/05\/mtv-landesliga-mannschaft-voruebergehend-auf-den-zweiten-tabellenplatz-abgerutscht\/","title":{"rendered":"+++ MTV Landesliga Mannschaft vor\u00fcbergehend auf den zweiten Tabellenplatz abgerutscht +++"},"content":{"rendered":"\n<p>Ein spannender Wettkampfkrimi sorgte f\u00fcr Nervenkitzel bei den K\u00e4mpfern und Zuschauern am Samstagnachmittag in der Freiherr-von Ickstatt-Realschule in Ingolstadt.<\/p>\n\n\n\n<p>Endlich war er da, der erste Heimkampf in der Judo-Landesliga 2023 in Ingolstadt. Rechtzeitig in dieser Woche wurde die neue Judomatte angeliefert und der erste Jungfern-Kampf gegen den Judoclub N\u00fcrnberg 2012 konnte darauf <a><\/a>stattfinden.<\/p>\n\n\n\n<p>Auf der Wiegeliste sah es in diesmal deutlich besser aus als am letzten Wettkampftag. Georg Buschmann, Mike Schmal und auch Edward Freidenberg meldeten sich in die Mannschaft zur\u00fcck. Daf\u00fcr musste der Coach Dimitrios Tsanidis immer noch auf die verletzten K\u00e4mpfer, Savellios Stafaridis, Teo Trott, Armen Sargsyan und Daniel Nussb\u00e4cher verzichten.<\/p>\n\n\n\n<p>Nach einer spannenden ersten Runde stand es dann 6:4 Zwischenstand. Die Gegner pokerten ein wenig mit der Mannschaftsaufstellung und verschoben einige K\u00e4mpfer in den Gewichtsklassen. Die Auslosung der Wettkampfbegegnungen war dann leider nicht so gl\u00fccklich f\u00fcr den MTV Ingolstadt, sodass die R\u00fcckrunde mit 4:6 abgeben wurde.<\/p>\n\n\n\n<p><strong>Nach 20 K\u00e4mpfen stand es letztendlich verdient 10:10 in der Unterbewertung 100:100.<\/strong><\/p>\n\n\n\n<p>Mit etwas mehr Gl\u00fcck, h\u00e4tte die Begegnung leicht auch f\u00fcr den MTV ausgehen k\u00f6nnen.<\/p>\n\n\n\n<p>Im Aufgebot waren, Dimitrios Tsanidis, Sebastian Kranz, Eric Moser, Georg Buschmann, R\u00e9ne Perzelmaier, Stefan Danner, Christoph Bartsch, Marco Zwyrtek, Nikos Moysiadis, Nika Mouladze, Mike Schmal, Josef Plakinger, Arthur Herrmann, Gilles Sawa, Alexander Krapp, Edward Freidenberg und Sebastian B\u00f6ttcher.<\/p>\n\n\n\n<p>Der <strong>5. Landesliga Kampf<\/strong> findet am <strong>17.06.2023 <\/strong>beim <strong>PTSV-Hof <\/strong>statt. Hier muss dann unbedingt wieder ein Sieg her, um den 1. Tabellenplatz zur\u00fcckzuerobern. Abgeben wurde dieser erst einmal an den ASV F\u00fcrth, welcher am Samstag seine Ausw\u00e4rtskampf gegen Hof mit 12:8 gewinnen konnte. Der entscheidende Kampf um die Tabellenspitze wird dann am <strong>08.07.2023<\/strong> beim letzten Heimkampf gegen den <strong>ASV F\u00fcrth <\/strong>ausgetragen.<\/p>\n\n\n\n<p>Die beiden Erstplatzierten der Landesliga Nord k\u00e4mpfen dann am 15.07.2023 in Ingolstadt gegen die beiden Erstplatzierten der Landesliga S\u00fcd um den Aufstieg in die Judo-Bayernliga.<\/p>\n\n\n\n<figure class=\"wp-block-image size-large\"><a href=\"https:\/\/www.mtv-in.de\/judo\/files\/2023\/05\/Nuernberg-scaled.jpg\"><img loading=\"lazy\" decoding=\"async\" width=\"1024\" height=\"768\" src=\"https:\/\/www.mtv-in.de\/judo\/files\/2023\/05\/Nuernberg-1024x768.jpg\" alt=\"\" class=\"wp-image-1297\" srcset=\"https:\/\/www.mtv-in.de\/judo\/files\/2023\/05\/Nuernberg-1024x768.jpg 1024w, https:\/\/www.mtv-in.de\/judo\/files\/2023\/05\/Nuernberg-300x225.jpg 300w, https:\/\/www.mtv-in.de\/judo\/files\/2023\/05\/Nuernberg-768x576.jpg 768w, https:\/\/www.mtv-in.de\/judo\/files\/2023\/05\/Nuernberg-1536x1152.jpg 1536w, https:\/\/www.mtv-in.de\/judo\/files\/2023\/05\/Nuernberg-2048x1536.jpg 2048w\" sizes=\"auto, (max-width: 1024px) 100vw, 1024px\" \/><\/a><\/figure>\n","protected":false},"excerpt":{"rendered":"<p>Ein spannender Wettkampfkrimi sorgte f\u00fcr Nervenkitzel bei den K\u00e4mpfern und Zuschauern am Samstagnachmittag in der Freiherr-von Ickstatt-Realschule in Ingolstadt. Endlich war er da, der erste Heimkampf in der Judo-Landesliga 2023 in Ingolstadt. Rechtzeitig in dieser Woche wurde die neue Judomatte &hellip; <a href=\"https:\/\/www.mtv-in.de\/judo\/2023\/05\/mtv-landesliga-mannschaft-voruebergehend-auf-den-zweiten-tabellenplatz-abgerutscht\/\">Continue reading <span class=\"meta-nav\">&rarr;<\/span><\/a><\/p>\n","protected":false},"author":331,"featured_media":0,"comment_status":"closed","ping_status":"closed","sticky":false,"template":"","format":"standard","meta":{"footnotes":""},"categories":[1],"tags":[],"class_list":["post-1296","post","type-post","status-publish","format-standard","hentry","category-allgemein"],"_links":{"self":[{"href":"https:\/\/www.mtv-in.de\/judo\/wp-json\/wp\/v2\/posts\/1296","targetHints":{"allow":["GET"]}}],"collection":[{"href":"https:\/\/www.mtv-in.de\/judo\/wp-json\/wp\/v2\/posts"}],"about":[{"href":"https:\/\/www.mtv-in.de\/judo\/wp-json\/wp\/v2\/types\/post"}],"author":[{"embeddable":true,"href":"https:\/\/www.mtv-in.de\/judo\/wp-json\/wp\/v2\/users\/331"}],"replies":[{"embeddable":true,"href":"https:\/\/www.mtv-in.de\/judo\/wp-json\/wp\/v2\/comments?post=1296"}],"version-history":[{"count":2,"href":"https:\/\/www.mtv-in.de\/judo\/wp-json\/wp\/v2\/posts\/1296\/revisions"}],"predecessor-version":[{"id":1299,"href":"https:\/\/www.mtv-in.de\/judo\/wp-json\/wp\/v2\/posts\/1296\/revisions\/1299"}],"wp:attachment":[{"href":"https:\/\/www.mtv-in.de\/judo\/wp-json\/wp\/v2\/media?parent=1296"}],"wp:term":[{"taxonomy":"category","embeddable":true,"href":"https:\/\/www.mtv-in.de\/judo\/wp-json\/wp\/v2\/categories?post=1296"},{"taxonomy":"post_tag","embeddable":true,"href":"https:\/\/www.mtv-in.de\/judo\/wp-json\/wp\/v2\/tags?post=1296"}],"curies":[{"name":"wp","href":"https:\/\/api.w.org\/{rel}","templated":true}]}}