{"id":2239,"date":"2026-09-05T11:08:04","date_gmt":"2026-09-05T09:08:04","guid":{"rendered":"https:\/\/www.mtv-in.de\/judo\/?p=2239"},"modified":"2026-09-05T11:10:23","modified_gmt":"2026-09-05T09:10:23","slug":"neuer-anfaengerkurs-fuer-kinder-ab-6-jahren-2","status":"publish","type":"post","link":"https:\/\/www.mtv-in.de\/judo\/2026\/09\/neuer-anfaengerkurs-fuer-kinder-ab-6-jahren-2\/","title":{"rendered":"+++ Neuer Anf\u00e4ngerkurs f\u00fcr Kinder ab 6 Jahren +++"},"content":{"rendered":"\n<p class=\"has-text-align-center\">Wir trainieren gemeinsam 5 \u00d7 am Mittwoch und erlernen die Grundbegriffe wie Fallen, Werfen und den Partner im Haltegriff festhalten ganz spielerisch. Nach Abschluss erhalten alle Kinder bereits den wei\u00df-gelben G\u00fcrtel und k\u00f6nnen dann in den bestehenden Gruppen weitertrainieren.<\/p>\n\n\n\n<p class=\"has-text-align-center\"><strong>Alle, die Lust auf ein Schnuppertraining haben, k\u00f6nnen am Mittwoch, 16.09.2026, bei uns im Dojo vorbeischauen.<\/strong><\/p>\n\n\n\n<p class=\"has-text-align-center\">Bitte meldet Euch hierzu bei Jonas per E-Mail unter:<strong> <em>jonas<\/em>.westphal [at] mtv-in [dot] de<\/strong> an.<\/p>\n\n\n\n<p class=\"has-text-align-center\">Wir freuen uns auf Euch!<\/p>\n\n\n\n<figure class=\"wp-block-image size-large\"><a href=\"https:\/\/www.mtv-in.de\/judo\/files\/2026\/09\/Anfaenger_1.png\"><img loading=\"lazy\" decoding=\"async\" width=\"819\" height=\"1024\" src=\"https:\/\/www.mtv-in.de\/judo\/files\/2026\/09\/Anfaenger_1-819x1024.png\" alt=\"\" class=\"wp-image-2240\" srcset=\"https:\/\/www.mtv-in.de\/judo\/files\/2026\/09\/Anfaenger_1-819x1024.png 819w, https:\/\/www.mtv-in.de\/judo\/files\/2026\/09\/Anfaenger_1-240x300.png 240w, https:\/\/www.mtv-in.de\/judo\/files\/2026\/09\/Anfaenger_1-768x960.png 768w, https:\/\/www.mtv-in.de\/judo\/files\/2026\/09\/Anfaenger_1.png 1080w\" sizes=\"auto, (max-width: 819px) 100vw, 819px\" \/><\/a><\/figure>\n","protected":false},"excerpt":{"rendered":"<p>Wir trainieren gemeinsam 5 \u00d7 am Mittwoch und erlernen die Grundbegriffe wie Fallen, Werfen und den Partner im Haltegriff festhalten ganz spielerisch. Nach Abschluss erhalten alle Kinder bereits den wei\u00df-gelben G\u00fcrtel und k\u00f6nnen dann in den bestehenden Gruppen weitertrainieren. Alle, &hellip; <a href=\"https:\/\/www.mtv-in.de\/judo\/2026\/09\/neuer-anfaengerkurs-fuer-kinder-ab-6-jahren-2\/\">Continue reading <span class=\"meta-nav\">&rarr;<\/span><\/a><\/p>\n","protected":false},"author":331,"featured_media":0,"comment_status":"closed","ping_status":"closed","sticky":false,"template":"","format":"standard","meta":{"footnotes":""},"categories":[1],"tags":[],"class_list":["post-2239","post","type-post","status-publish","format-standard","hentry","category-allgemein"],"_links":{"self":[{"href":"https:\/\/www.mtv-in.de\/judo\/wp-json\/wp\/v2\/posts\/2239","targetHints":{"allow":["GET"]}}],"collection":[{"href":"https:\/\/www.mtv-in.de\/judo\/wp-json\/wp\/v2\/posts"}],"about":[{"href":"https:\/\/www.mtv-in.de\/judo\/wp-json\/wp\/v2\/types\/post"}],"author":[{"embeddable":true,"href":"https:\/\/www.mtv-in.de\/judo\/wp-json\/wp\/v2\/users\/331"}],"replies":[{"embeddable":true,"href":"https:\/\/www.mtv-in.de\/judo\/wp-json\/wp\/v2\/comments?post=2239"}],"version-history":[{"count":2,"href":"https:\/\/www.mtv-in.de\/judo\/wp-json\/wp\/v2\/posts\/2239\/revisions"}],"predecessor-version":[{"id":2242,"href":"https:\/\/www.mtv-in.de\/judo\/wp-json\/wp\/v2\/posts\/2239\/revisions\/2242"}],"wp:attachment":[{"href":"https:\/\/www.mtv-in.de\/judo\/wp-json\/wp\/v2\/media?parent=2239"}],"wp:term":[{"taxonomy":"category","embeddable":true,"href":"https:\/\/www.mtv-in.de\/judo\/wp-json\/wp\/v2\/categories?post=2239"},{"taxonomy":"post_tag","embeddable":true,"href":"https:\/\/www.mtv-in.de\/judo\/wp-json\/wp\/v2\/tags?post=2239"}],"curies":[{"name":"wp","href":"https:\/\/api.w.org\/{rel}","templated":true}]}}