{"id":323,"date":"2019-04-03T10:43:14","date_gmt":"2019-04-03T08:43:14","guid":{"rendered":"http:\/\/www.mtv-in.de\/judo\/?p=323"},"modified":"2025-07-20T11:19:57","modified_gmt":"2025-07-20T09:19:57","slug":"danke-danke-danke-danke-danke","status":"publish","type":"post","link":"https:\/\/www.mtv-in.de\/judo\/2019\/04\/danke-danke-danke-danke-danke\/","title":{"rendered":"+++ Danke +++ Danke +++ Danke +++ Danke+++ Danke"},"content":{"rendered":"<p>An alle Mitglieder der Aikidoabteilung, unseren Judoka und den vielen zus\u00e4tzlichen Helfern, die gestern Abend so tatkr\u00e4ftig mit angepackt haben.<br \/>\nWir haben es gemeinsam geschafft in nur wenigen Stunden auch unser kleine Dojo wieder f\u00fcr den Trainingsbetrieb brauchbar zu machen.<br \/>\nWir freuen uns auf gute und intensive Trainingseinheiten mit Euch!<br \/>\nEure Simone, Reiner und Patrick\u00a0 \u00a0 \u00a0 \u00a0 \u00a0 \u00a0 \u00a0 \u00a0 \u00a0 \u00a0 \u00a0 \u00a0 \u00a0 \u00a0 \u00a0 \u00a0 \u00a0 \u00a0 \u00a0 \u00a0 \u00a0 \u00a0 \u00a0\u00a0\u00a0<a href=\"https:\/\/www.mtv-in.de\/judo\/files\/2019\/04\/IMG_7714.jpg\"><img loading=\"lazy\" decoding=\"async\" class=\"alignnone size-medium wp-image-325\" src=\"https:\/\/www.mtv-in.de\/judo\/files\/2019\/04\/IMG_7714-300x225.jpg\" alt=\"\" width=\"300\" height=\"225\" srcset=\"https:\/\/www.mtv-in.de\/judo\/files\/2019\/04\/IMG_7714-300x225.jpg 300w, https:\/\/www.mtv-in.de\/judo\/files\/2019\/04\/IMG_7714-768x576.jpg 768w, https:\/\/www.mtv-in.de\/judo\/files\/2019\/04\/IMG_7714-1024x768.jpg 1024w\" sizes=\"auto, (max-width: 300px) 100vw, 300px\" \/><\/a>\u00a0<a href=\"https:\/\/www.mtv-in.de\/judo\/files\/2019\/04\/IMG_7712.jpg\"><img loading=\"lazy\" decoding=\"async\" class=\"alignnone size-medium wp-image-324\" src=\"https:\/\/www.mtv-in.de\/judo\/files\/2019\/04\/IMG_7712-300x225.jpg\" alt=\"\" width=\"300\" height=\"225\" srcset=\"https:\/\/www.mtv-in.de\/judo\/files\/2019\/04\/IMG_7712-300x225.jpg 300w, https:\/\/www.mtv-in.de\/judo\/files\/2019\/04\/IMG_7712-768x576.jpg 768w, https:\/\/www.mtv-in.de\/judo\/files\/2019\/04\/IMG_7712-1024x768.jpg 1024w\" sizes=\"auto, (max-width: 300px) 100vw, 300px\" \/><\/a><\/p>\n","protected":false},"excerpt":{"rendered":"<p>An alle Mitglieder der Aikidoabteilung, unseren Judoka und den vielen zus\u00e4tzlichen Helfern, die gestern Abend so tatkr\u00e4ftig mit angepackt haben. Wir haben es gemeinsam geschafft in nur wenigen Stunden auch unser kleine Dojo wieder f\u00fcr den Trainingsbetrieb brauchbar zu machen. &hellip; <a href=\"https:\/\/www.mtv-in.de\/judo\/2019\/04\/danke-danke-danke-danke-danke\/\">Continue reading <span class=\"meta-nav\">&rarr;<\/span><\/a><\/p>\n","protected":false},"author":331,"featured_media":0,"comment_status":"closed","ping_status":"closed","sticky":false,"template":"","format":"standard","meta":{"footnotes":""},"categories":[1],"tags":[],"class_list":["post-323","post","type-post","status-publish","format-standard","hentry","category-allgemein"],"_links":{"self":[{"href":"https:\/\/www.mtv-in.de\/judo\/wp-json\/wp\/v2\/posts\/323","targetHints":{"allow":["GET"]}}],"collection":[{"href":"https:\/\/www.mtv-in.de\/judo\/wp-json\/wp\/v2\/posts"}],"about":[{"href":"https:\/\/www.mtv-in.de\/judo\/wp-json\/wp\/v2\/types\/post"}],"author":[{"embeddable":true,"href":"https:\/\/www.mtv-in.de\/judo\/wp-json\/wp\/v2\/users\/331"}],"replies":[{"embeddable":true,"href":"https:\/\/www.mtv-in.de\/judo\/wp-json\/wp\/v2\/comments?post=323"}],"version-history":[{"count":2,"href":"https:\/\/www.mtv-in.de\/judo\/wp-json\/wp\/v2\/posts\/323\/revisions"}],"predecessor-version":[{"id":327,"href":"https:\/\/www.mtv-in.de\/judo\/wp-json\/wp\/v2\/posts\/323\/revisions\/327"}],"wp:attachment":[{"href":"https:\/\/www.mtv-in.de\/judo\/wp-json\/wp\/v2\/media?parent=323"}],"wp:term":[{"taxonomy":"category","embeddable":true,"href":"https:\/\/www.mtv-in.de\/judo\/wp-json\/wp\/v2\/categories?post=323"},{"taxonomy":"post_tag","embeddable":true,"href":"https:\/\/www.mtv-in.de\/judo\/wp-json\/wp\/v2\/tags?post=323"}],"curies":[{"name":"wp","href":"https:\/\/api.w.org\/{rel}","templated":true}]}}