{"id":619,"date":"2021-01-25T08:33:34","date_gmt":"2021-01-25T07:33:34","guid":{"rendered":"http:\/\/www.mtv-in.de\/judo\/?p=619"},"modified":"2025-07-26T10:15:18","modified_gmt":"2025-07-26T08:15:18","slug":"judowettkampf-in-unserem-dojo-trotz-corona","status":"publish","type":"post","link":"https:\/\/www.mtv-in.de\/judo\/2021\/01\/judowettkampf-in-unserem-dojo-trotz-corona\/","title":{"rendered":"+++ Judowettkampf in unserem Dojo trotz Corona  :-) +++"},"content":{"rendered":"<p style=\"text-align: center\">F\u00fcr dieses tolle Kunstwerk von Samuel R. braucht Ihr heute etwas l\u00e4nger zum Anschauen. Er hat f\u00fcr uns einen Judo-Kampf nachgestellt. Perfekt wie unsere gro\u00dfen Vorbilder, sogar in blauen und wei\u00dfen Kampfanz\u00fcgen. Erkennt Ihr die K\u00e4mpfer aus Eurer Gruppe? Verraten kann ich Euch, dass der Kampfrichter in dem blauen Judogi mit dem schwarzen G\u00fcrtel Reiner ist :-).Toll zu sehen ist die rote Kampffl\u00e4che und auch unsere sehr sch\u00f6nen Rundbogen Fenster. Vielen lieben Dank, lieber Samuel f\u00fcr diese sehr aufwendige Arbeit die Du im Zuge des Creative Teils der Judo Safari@home angefertigt hast.<\/p>\n<p style=\"text-align: left\"><a href=\"https:\/\/www.mtv-in.de\/judo\/files\/2021\/01\/Samuel_2.jpg\"><img loading=\"lazy\" decoding=\"async\" class=\"alignnone size-medium wp-image-620 aligncenter\" src=\"https:\/\/www.mtv-in.de\/judo\/files\/2021\/01\/Samuel_2-300x150.jpg\" alt=\"\" width=\"300\" height=\"150\" srcset=\"https:\/\/www.mtv-in.de\/judo\/files\/2021\/01\/Samuel_2-300x150.jpg 300w, https:\/\/www.mtv-in.de\/judo\/files\/2021\/01\/Samuel_2.jpg 640w\" sizes=\"auto, (max-width: 300px) 100vw, 300px\" \/><\/a> <a href=\"https:\/\/www.mtv-in.de\/judo\/files\/2021\/01\/Samuel_3.jpg\"><img loading=\"lazy\" decoding=\"async\" class=\"alignnone size-medium wp-image-621\" src=\"https:\/\/www.mtv-in.de\/judo\/files\/2021\/01\/Samuel_3-300x181.jpg\" alt=\"\" width=\"300\" height=\"181\" srcset=\"https:\/\/www.mtv-in.de\/judo\/files\/2021\/01\/Samuel_3-300x181.jpg 300w, https:\/\/www.mtv-in.de\/judo\/files\/2021\/01\/Samuel_3.jpg 640w\" sizes=\"auto, (max-width: 300px) 100vw, 300px\" \/><\/a>\u00a0 \u00a0 \u00a0 \u00a0 \u00a0<a href=\"https:\/\/www.mtv-in.de\/judo\/files\/2021\/01\/Samuel_4.jpg\"><img loading=\"lazy\" decoding=\"async\" class=\"alignnone size-medium wp-image-622\" src=\"https:\/\/www.mtv-in.de\/judo\/files\/2021\/01\/Samuel_4-300x168.jpg\" alt=\"\" width=\"300\" height=\"168\" srcset=\"https:\/\/www.mtv-in.de\/judo\/files\/2021\/01\/Samuel_4-300x168.jpg 300w, https:\/\/www.mtv-in.de\/judo\/files\/2021\/01\/Samuel_4.jpg 640w\" sizes=\"auto, (max-width: 300px) 100vw, 300px\" \/><\/a> <a href=\"https:\/\/www.mtv-in.de\/judo\/files\/2021\/01\/Samuel_5.jpg\"><img loading=\"lazy\" decoding=\"async\" class=\"alignnone size-medium wp-image-623 aligncenter\" src=\"https:\/\/www.mtv-in.de\/judo\/files\/2021\/01\/Samuel_5-300x193.jpg\" alt=\"\" width=\"300\" height=\"193\" srcset=\"https:\/\/www.mtv-in.de\/judo\/files\/2021\/01\/Samuel_5-300x193.jpg 300w, https:\/\/www.mtv-in.de\/judo\/files\/2021\/01\/Samuel_5.jpg 640w\" sizes=\"auto, (max-width: 300px) 100vw, 300px\" \/><\/a><\/p>\n","protected":false},"excerpt":{"rendered":"<p>F\u00fcr dieses tolle Kunstwerk von Samuel R. braucht Ihr heute etwas l\u00e4nger zum Anschauen. Er hat f\u00fcr uns einen Judo-Kampf nachgestellt. Perfekt wie unsere gro\u00dfen Vorbilder, sogar in blauen und wei\u00dfen Kampfanz\u00fcgen. Erkennt Ihr die K\u00e4mpfer aus Eurer Gruppe? Verraten &hellip; <a href=\"https:\/\/www.mtv-in.de\/judo\/2021\/01\/judowettkampf-in-unserem-dojo-trotz-corona\/\">Continue reading <span class=\"meta-nav\">&rarr;<\/span><\/a><\/p>\n","protected":false},"author":331,"featured_media":0,"comment_status":"closed","ping_status":"closed","sticky":false,"template":"","format":"standard","meta":{"footnotes":""},"categories":[1],"tags":[],"class_list":["post-619","post","type-post","status-publish","format-standard","hentry","category-allgemein"],"_links":{"self":[{"href":"https:\/\/www.mtv-in.de\/judo\/wp-json\/wp\/v2\/posts\/619","targetHints":{"allow":["GET"]}}],"collection":[{"href":"https:\/\/www.mtv-in.de\/judo\/wp-json\/wp\/v2\/posts"}],"about":[{"href":"https:\/\/www.mtv-in.de\/judo\/wp-json\/wp\/v2\/types\/post"}],"author":[{"embeddable":true,"href":"https:\/\/www.mtv-in.de\/judo\/wp-json\/wp\/v2\/users\/331"}],"replies":[{"embeddable":true,"href":"https:\/\/www.mtv-in.de\/judo\/wp-json\/wp\/v2\/comments?post=619"}],"version-history":[{"count":3,"href":"https:\/\/www.mtv-in.de\/judo\/wp-json\/wp\/v2\/posts\/619\/revisions"}],"predecessor-version":[{"id":627,"href":"https:\/\/www.mtv-in.de\/judo\/wp-json\/wp\/v2\/posts\/619\/revisions\/627"}],"wp:attachment":[{"href":"https:\/\/www.mtv-in.de\/judo\/wp-json\/wp\/v2\/media?parent=619"}],"wp:term":[{"taxonomy":"category","embeddable":true,"href":"https:\/\/www.mtv-in.de\/judo\/wp-json\/wp\/v2\/categories?post=619"},{"taxonomy":"post_tag","embeddable":true,"href":"https:\/\/www.mtv-in.de\/judo\/wp-json\/wp\/v2\/tags?post=619"}],"curies":[{"name":"wp","href":"https:\/\/api.w.org\/{rel}","templated":true}]}}