{"id":628,"date":"2021-01-26T08:41:07","date_gmt":"2021-01-26T07:41:07","guid":{"rendered":"http:\/\/www.mtv-in.de\/judo\/?p=628"},"modified":"2025-07-26T10:15:09","modified_gmt":"2025-07-26T08:15:09","slug":"628","status":"publish","type":"post","link":"https:\/\/www.mtv-in.de\/judo\/2021\/01\/628\/","title":{"rendered":"+++ Ich liebe den Hampelmann +++"},"content":{"rendered":"<p style=\"text-align: center\">Das heutige Kunstwerk kommt von Gia Long H. Er hat bei dem Thema der Creative Aufgabe gleich nochmals eine Sportaufgabe aufgegriffen. Ja der Hampelmann ist eine anstrengende \u00dcbung, da kommt man ganz sch\u00f6n ins Schwitzen. Diese Aufgabe hast du ja auch super gemeistert. Vielen Dank f\u00fcr die Zusendung deiner sehr sch\u00f6nen Zeichnung.<\/p>\n<p style=\"text-align: center\"><a href=\"https:\/\/www.mtv-in.de\/judo\/files\/2021\/01\/Gia_Long.png\"><img loading=\"lazy\" decoding=\"async\" class=\"alignnone size-medium wp-image-629\" src=\"https:\/\/www.mtv-in.de\/judo\/files\/2021\/01\/Gia_Long-238x300.png\" alt=\"\" width=\"238\" height=\"300\" srcset=\"https:\/\/www.mtv-in.de\/judo\/files\/2021\/01\/Gia_Long-238x300.png 238w, https:\/\/www.mtv-in.de\/judo\/files\/2021\/01\/Gia_Long.png 301w\" sizes=\"auto, (max-width: 238px) 100vw, 238px\" \/><\/a><\/p>\n","protected":false},"excerpt":{"rendered":"<p>Das heutige Kunstwerk kommt von Gia Long H. Er hat bei dem Thema der Creative Aufgabe gleich nochmals eine Sportaufgabe aufgegriffen. Ja der Hampelmann ist eine anstrengende \u00dcbung, da kommt man ganz sch\u00f6n ins Schwitzen. Diese Aufgabe hast du ja &hellip; <a href=\"https:\/\/www.mtv-in.de\/judo\/2021\/01\/628\/\">Continue reading <span class=\"meta-nav\">&rarr;<\/span><\/a><\/p>\n","protected":false},"author":331,"featured_media":0,"comment_status":"closed","ping_status":"closed","sticky":false,"template":"","format":"standard","meta":{"footnotes":""},"categories":[1],"tags":[],"class_list":["post-628","post","type-post","status-publish","format-standard","hentry","category-allgemein"],"_links":{"self":[{"href":"https:\/\/www.mtv-in.de\/judo\/wp-json\/wp\/v2\/posts\/628","targetHints":{"allow":["GET"]}}],"collection":[{"href":"https:\/\/www.mtv-in.de\/judo\/wp-json\/wp\/v2\/posts"}],"about":[{"href":"https:\/\/www.mtv-in.de\/judo\/wp-json\/wp\/v2\/types\/post"}],"author":[{"embeddable":true,"href":"https:\/\/www.mtv-in.de\/judo\/wp-json\/wp\/v2\/users\/331"}],"replies":[{"embeddable":true,"href":"https:\/\/www.mtv-in.de\/judo\/wp-json\/wp\/v2\/comments?post=628"}],"version-history":[{"count":3,"href":"https:\/\/www.mtv-in.de\/judo\/wp-json\/wp\/v2\/posts\/628\/revisions"}],"predecessor-version":[{"id":632,"href":"https:\/\/www.mtv-in.de\/judo\/wp-json\/wp\/v2\/posts\/628\/revisions\/632"}],"wp:attachment":[{"href":"https:\/\/www.mtv-in.de\/judo\/wp-json\/wp\/v2\/media?parent=628"}],"wp:term":[{"taxonomy":"category","embeddable":true,"href":"https:\/\/www.mtv-in.de\/judo\/wp-json\/wp\/v2\/categories?post=628"},{"taxonomy":"post_tag","embeddable":true,"href":"https:\/\/www.mtv-in.de\/judo\/wp-json\/wp\/v2\/tags?post=628"}],"curies":[{"name":"wp","href":"https:\/\/api.w.org\/{rel}","templated":true}]}}