{"id":633,"date":"2021-02-02T15:27:44","date_gmt":"2021-02-02T14:27:44","guid":{"rendered":"http:\/\/www.mtv-in.de\/judo\/?p=633"},"modified":"2025-07-26T10:14:58","modified_gmt":"2025-07-26T08:14:58","slug":"marco-ist-begeistert-vom-judokampf","status":"publish","type":"post","link":"https:\/\/www.mtv-in.de\/judo\/2021\/02\/marco-ist-begeistert-vom-judokampf\/","title":{"rendered":"+++ Marco ist begeistert vom Judokampf +++"},"content":{"rendered":"<p style=\"text-align: center\">Wow, diese sehr aufwendige Zeichnung kommt von unserem Judoka Marco G. Er hat es geschafft fast alle Kinder aus unserem Training auf der Zeichnung abzubilden. Sogar die Eltern und Geschwister die gerne bei unserem Training zuschauen hat er nicht vergessen. Die Insider werden nat\u00fcrlich Reiner erkennen, welcher als Kampfrichter f\u00fcr einen fairen Wettkampf sorgt. Vielen Dank lieber Marco f\u00fcr diese tolle Einsendung deiner Arbeit.<\/p>\n<p style=\"text-align: center\"><a href=\"https:\/\/www.mtv-in.de\/judo\/files\/2021\/01\/Marco.jpeg\"><img loading=\"lazy\" decoding=\"async\" class=\"alignnone size-medium wp-image-634\" src=\"https:\/\/www.mtv-in.de\/judo\/files\/2021\/01\/Marco-300x225.jpeg\" alt=\"\" width=\"300\" height=\"225\" srcset=\"https:\/\/www.mtv-in.de\/judo\/files\/2021\/01\/Marco-300x225.jpeg 300w, https:\/\/www.mtv-in.de\/judo\/files\/2021\/01\/Marco.jpeg 640w\" sizes=\"auto, (max-width: 300px) 100vw, 300px\" \/><\/a><\/p>\n","protected":false},"excerpt":{"rendered":"<p>Wow, diese sehr aufwendige Zeichnung kommt von unserem Judoka Marco G. Er hat es geschafft fast alle Kinder aus unserem Training auf der Zeichnung abzubilden. Sogar die Eltern und Geschwister die gerne bei unserem Training zuschauen hat er nicht vergessen. &hellip; <a href=\"https:\/\/www.mtv-in.de\/judo\/2021\/02\/marco-ist-begeistert-vom-judokampf\/\">Continue reading <span class=\"meta-nav\">&rarr;<\/span><\/a><\/p>\n","protected":false},"author":331,"featured_media":0,"comment_status":"closed","ping_status":"closed","sticky":false,"template":"","format":"standard","meta":{"footnotes":""},"categories":[1],"tags":[],"class_list":["post-633","post","type-post","status-publish","format-standard","hentry","category-allgemein"],"_links":{"self":[{"href":"https:\/\/www.mtv-in.de\/judo\/wp-json\/wp\/v2\/posts\/633","targetHints":{"allow":["GET"]}}],"collection":[{"href":"https:\/\/www.mtv-in.de\/judo\/wp-json\/wp\/v2\/posts"}],"about":[{"href":"https:\/\/www.mtv-in.de\/judo\/wp-json\/wp\/v2\/types\/post"}],"author":[{"embeddable":true,"href":"https:\/\/www.mtv-in.de\/judo\/wp-json\/wp\/v2\/users\/331"}],"replies":[{"embeddable":true,"href":"https:\/\/www.mtv-in.de\/judo\/wp-json\/wp\/v2\/comments?post=633"}],"version-history":[{"count":1,"href":"https:\/\/www.mtv-in.de\/judo\/wp-json\/wp\/v2\/posts\/633\/revisions"}],"predecessor-version":[{"id":635,"href":"https:\/\/www.mtv-in.de\/judo\/wp-json\/wp\/v2\/posts\/633\/revisions\/635"}],"wp:attachment":[{"href":"https:\/\/www.mtv-in.de\/judo\/wp-json\/wp\/v2\/media?parent=633"}],"wp:term":[{"taxonomy":"category","embeddable":true,"href":"https:\/\/www.mtv-in.de\/judo\/wp-json\/wp\/v2\/categories?post=633"},{"taxonomy":"post_tag","embeddable":true,"href":"https:\/\/www.mtv-in.de\/judo\/wp-json\/wp\/v2\/tags?post=633"}],"curies":[{"name":"wp","href":"https:\/\/api.w.org\/{rel}","templated":true}]}}