{"id":640,"date":"2021-02-07T16:04:19","date_gmt":"2021-02-07T15:04:19","guid":{"rendered":"http:\/\/www.mtv-in.de\/judo\/?p=640"},"modified":"2025-07-26T10:14:37","modified_gmt":"2025-07-26T08:14:37","slug":"darf-ich-das-krokodil-sein","status":"publish","type":"post","link":"https:\/\/www.mtv-in.de\/judo\/2021\/02\/darf-ich-das-krokodil-sein\/","title":{"rendered":"+++ Darf ich das Krokodil sein? +++"},"content":{"rendered":"<p style=\"text-align: center\">Die sch\u00f6ne Zeichnung kommt von Paul K. Es ist nicht schwer zu erkennen, dass auch er das Krokodilspiel toll findet. Wir versprechen Dir lieber Paul, dass wir gleich nach dem Lockdown wenn wir wieder trainieren d\u00fcrfen das zu Beginn wieder spielen. Willst du das Krokodil sein oder m\u00f6chtest du lieber gefangen werden? Vielen Dank f\u00fcr diese sehr sch\u00f6ne Zeichnung, lieber Paul.<\/p>\n<p style=\"text-align: center\"><a href=\"https:\/\/www.mtv-in.de\/judo\/files\/2021\/01\/Paul_K.jpeg\"><img loading=\"lazy\" decoding=\"async\" class=\"alignnone size-medium wp-image-641\" src=\"https:\/\/www.mtv-in.de\/judo\/files\/2021\/01\/Paul_K-300x225.jpeg\" alt=\"\" width=\"300\" height=\"225\" srcset=\"https:\/\/www.mtv-in.de\/judo\/files\/2021\/01\/Paul_K-300x225.jpeg 300w, https:\/\/www.mtv-in.de\/judo\/files\/2021\/01\/Paul_K.jpeg 640w\" sizes=\"auto, (max-width: 300px) 100vw, 300px\" \/><\/a><\/p>\n","protected":false},"excerpt":{"rendered":"<p>Die sch\u00f6ne Zeichnung kommt von Paul K. Es ist nicht schwer zu erkennen, dass auch er das Krokodilspiel toll findet. Wir versprechen Dir lieber Paul, dass wir gleich nach dem Lockdown wenn wir wieder trainieren d\u00fcrfen das zu Beginn wieder &hellip; <a href=\"https:\/\/www.mtv-in.de\/judo\/2021\/02\/darf-ich-das-krokodil-sein\/\">Continue reading <span class=\"meta-nav\">&rarr;<\/span><\/a><\/p>\n","protected":false},"author":331,"featured_media":0,"comment_status":"closed","ping_status":"closed","sticky":false,"template":"","format":"standard","meta":{"footnotes":""},"categories":[1],"tags":[],"class_list":["post-640","post","type-post","status-publish","format-standard","hentry","category-allgemein"],"_links":{"self":[{"href":"https:\/\/www.mtv-in.de\/judo\/wp-json\/wp\/v2\/posts\/640","targetHints":{"allow":["GET"]}}],"collection":[{"href":"https:\/\/www.mtv-in.de\/judo\/wp-json\/wp\/v2\/posts"}],"about":[{"href":"https:\/\/www.mtv-in.de\/judo\/wp-json\/wp\/v2\/types\/post"}],"author":[{"embeddable":true,"href":"https:\/\/www.mtv-in.de\/judo\/wp-json\/wp\/v2\/users\/331"}],"replies":[{"embeddable":true,"href":"https:\/\/www.mtv-in.de\/judo\/wp-json\/wp\/v2\/comments?post=640"}],"version-history":[{"count":3,"href":"https:\/\/www.mtv-in.de\/judo\/wp-json\/wp\/v2\/posts\/640\/revisions"}],"predecessor-version":[{"id":649,"href":"https:\/\/www.mtv-in.de\/judo\/wp-json\/wp\/v2\/posts\/640\/revisions\/649"}],"wp:attachment":[{"href":"https:\/\/www.mtv-in.de\/judo\/wp-json\/wp\/v2\/media?parent=640"}],"wp:term":[{"taxonomy":"category","embeddable":true,"href":"https:\/\/www.mtv-in.de\/judo\/wp-json\/wp\/v2\/categories?post=640"},{"taxonomy":"post_tag","embeddable":true,"href":"https:\/\/www.mtv-in.de\/judo\/wp-json\/wp\/v2\/tags?post=640"}],"curies":[{"name":"wp","href":"https:\/\/api.w.org\/{rel}","templated":true}]}}