{"id":651,"date":"2021-01-29T09:38:53","date_gmt":"2021-01-29T08:38:53","guid":{"rendered":"http:\/\/www.mtv-in.de\/judo\/?p=651"},"modified":"2025-07-26T10:14:52","modified_gmt":"2025-07-26T08:14:52","slug":"haben-wir-nicht-ein-wunderschoenes-dojo","status":"publish","type":"post","link":"https:\/\/www.mtv-in.de\/judo\/2021\/01\/haben-wir-nicht-ein-wunderschoenes-dojo\/","title":{"rendered":"+++ Haben wir nicht ein wundersch\u00f6nes Dojo? +++"},"content":{"rendered":"<p style=\"text-align: center\">Bei diesem Kunstwerk von Jakob F. lohnt es sich etwas genauer hinzuschauen. Es handelt sich um einen Wettkampf und Simone ist die Kampfrichterin \u00a0Zuschauer gibt es auch, n\u00e4mlich Felix unser B\u00e4renmaskottchen. Gut zu erkennen ist die Sprossenwand und&#8230; ja richtig unser beliebtes Seil auf dem Ihr inzwischen schon alle bis an die Decke kommt! Vielen Dank f\u00fcr diese sehr sch\u00f6ne Zeichnung lieber Jakob, wir freuen uns schon alle wieder auf unser n\u00e4chstes Training!<\/p>\n<p style=\"text-align: center\"><a href=\"https:\/\/www.mtv-in.de\/judo\/files\/2021\/01\/Jakob_V.jpeg\"><img loading=\"lazy\" decoding=\"async\" class=\"alignnone size-medium wp-image-652\" src=\"https:\/\/www.mtv-in.de\/judo\/files\/2021\/01\/Jakob_V-300x168.jpeg\" alt=\"\" width=\"300\" height=\"168\" srcset=\"https:\/\/www.mtv-in.de\/judo\/files\/2021\/01\/Jakob_V-300x168.jpeg 300w, https:\/\/www.mtv-in.de\/judo\/files\/2021\/01\/Jakob_V.jpeg 640w\" sizes=\"auto, (max-width: 300px) 100vw, 300px\" \/><\/a><\/p>\n","protected":false},"excerpt":{"rendered":"<p>Bei diesem Kunstwerk von Jakob F. lohnt es sich etwas genauer hinzuschauen. Es handelt sich um einen Wettkampf und Simone ist die Kampfrichterin \u00a0Zuschauer gibt es auch, n\u00e4mlich Felix unser B\u00e4renmaskottchen. Gut zu erkennen ist die Sprossenwand und&#8230; ja richtig &hellip; <a href=\"https:\/\/www.mtv-in.de\/judo\/2021\/01\/haben-wir-nicht-ein-wunderschoenes-dojo\/\">Continue reading <span class=\"meta-nav\">&rarr;<\/span><\/a><\/p>\n","protected":false},"author":331,"featured_media":0,"comment_status":"closed","ping_status":"closed","sticky":false,"template":"","format":"standard","meta":{"footnotes":""},"categories":[1],"tags":[],"class_list":["post-651","post","type-post","status-publish","format-standard","hentry","category-allgemein"],"_links":{"self":[{"href":"https:\/\/www.mtv-in.de\/judo\/wp-json\/wp\/v2\/posts\/651","targetHints":{"allow":["GET"]}}],"collection":[{"href":"https:\/\/www.mtv-in.de\/judo\/wp-json\/wp\/v2\/posts"}],"about":[{"href":"https:\/\/www.mtv-in.de\/judo\/wp-json\/wp\/v2\/types\/post"}],"author":[{"embeddable":true,"href":"https:\/\/www.mtv-in.de\/judo\/wp-json\/wp\/v2\/users\/331"}],"replies":[{"embeddable":true,"href":"https:\/\/www.mtv-in.de\/judo\/wp-json\/wp\/v2\/comments?post=651"}],"version-history":[{"count":2,"href":"https:\/\/www.mtv-in.de\/judo\/wp-json\/wp\/v2\/posts\/651\/revisions"}],"predecessor-version":[{"id":654,"href":"https:\/\/www.mtv-in.de\/judo\/wp-json\/wp\/v2\/posts\/651\/revisions\/654"}],"wp:attachment":[{"href":"https:\/\/www.mtv-in.de\/judo\/wp-json\/wp\/v2\/media?parent=651"}],"wp:term":[{"taxonomy":"category","embeddable":true,"href":"https:\/\/www.mtv-in.de\/judo\/wp-json\/wp\/v2\/categories?post=651"},{"taxonomy":"post_tag","embeddable":true,"href":"https:\/\/www.mtv-in.de\/judo\/wp-json\/wp\/v2\/tags?post=651"}],"curies":[{"name":"wp","href":"https:\/\/api.w.org\/{rel}","templated":true}]}}