{"id":663,"date":"2021-07-09T07:01:18","date_gmt":"2021-07-09T05:01:18","guid":{"rendered":"http:\/\/www.mtv-in.de\/judo\/?p=663"},"modified":"2025-07-26T10:14:19","modified_gmt":"2025-07-26T08:14:19","slug":"09-07-2021-ab-heute-wieder-kindertraining","status":"publish","type":"post","link":"https:\/\/www.mtv-in.de\/judo\/2021\/07\/09-07-2021-ab-heute-wieder-kindertraining\/","title":{"rendered":"+++ 09.07.2021 +++ Ab heute wieder Kindertraining +++"},"content":{"rendered":"<div class=\"\">\n<div class=\"_1mf _1mj\" style=\"text-align: center\">Hallo liebe Judokinder,<\/div>\n<\/div>\n<div class=\"\" style=\"text-align: center\"><\/div>\n<div class=\"\" style=\"text-align: center\">\n<div class=\"_1mf _1mj\">das Warten hat ein Ende und endlich geht es heute wieder los mit unserem gemeinsamen Training. Wir trainieren heute wieder in zwei Gruppen wie gewohnt von 18:00 \u2013 18:45 Uhr in beiden Dojos. Kommt hierzu bitte mit Maske in die Umkleider\u00e4ume. Dort d\u00fcrft ihr die Maske dann ablegen und direkt auf die Matte gehen. Wir sind ab 17:45 Uhr f\u00fcr Euch da, so dass wir dann p\u00fcnktlich anfangen k\u00f6nnen. Denkt bitte alle an Eure Hausschuhe und bringt gen\u00fcgend zum trinken mit.\u00a0 F\u00fcr alle Begleitpersonen die sich w\u00e4hrend des Trainings im Dojo befinden, besteht Maskenpflicht!<\/div>\n<div class=\"_1mf _1mj\">Wir freuen uns auf Euch<\/div>\n<\/div>\n<div class=\"\" style=\"text-align: center\"><\/div>\n<div class=\"\">\n<div class=\"_1mf _1mj\" style=\"text-align: center\">\n<p>Simon, Lisette und Reiner<\/p>\n<p><a href=\"https:\/\/www.mtv-in.de\/judo\/files\/2021\/07\/Kinder-Judo.jpeg\"><img loading=\"lazy\" decoding=\"async\" class=\"size-medium wp-image-664\" src=\"https:\/\/www.mtv-in.de\/judo\/files\/2021\/07\/Kinder-Judo-281x300.jpeg\" alt=\"\" width=\"281\" height=\"300\" srcset=\"https:\/\/www.mtv-in.de\/judo\/files\/2021\/07\/Kinder-Judo-281x300.jpeg 281w, https:\/\/www.mtv-in.de\/judo\/files\/2021\/07\/Kinder-Judo-768x821.jpeg 768w, https:\/\/www.mtv-in.de\/judo\/files\/2021\/07\/Kinder-Judo-958x1024.jpeg 958w\" sizes=\"auto, (max-width: 281px) 100vw, 281px\" \/><\/a><\/p>\n<\/div>\n<\/div>\n","protected":false},"excerpt":{"rendered":"<p>Hallo liebe Judokinder, das Warten hat ein Ende und endlich geht es heute wieder los mit unserem gemeinsamen Training. Wir trainieren heute wieder in zwei Gruppen wie gewohnt von 18:00 \u2013 18:45 Uhr in beiden Dojos. Kommt hierzu bitte mit &hellip; <a href=\"https:\/\/www.mtv-in.de\/judo\/2021\/07\/09-07-2021-ab-heute-wieder-kindertraining\/\">Continue reading <span class=\"meta-nav\">&rarr;<\/span><\/a><\/p>\n","protected":false},"author":331,"featured_media":0,"comment_status":"closed","ping_status":"closed","sticky":false,"template":"","format":"standard","meta":{"footnotes":""},"categories":[1],"tags":[],"class_list":["post-663","post","type-post","status-publish","format-standard","hentry","category-allgemein"],"_links":{"self":[{"href":"https:\/\/www.mtv-in.de\/judo\/wp-json\/wp\/v2\/posts\/663","targetHints":{"allow":["GET"]}}],"collection":[{"href":"https:\/\/www.mtv-in.de\/judo\/wp-json\/wp\/v2\/posts"}],"about":[{"href":"https:\/\/www.mtv-in.de\/judo\/wp-json\/wp\/v2\/types\/post"}],"author":[{"embeddable":true,"href":"https:\/\/www.mtv-in.de\/judo\/wp-json\/wp\/v2\/users\/331"}],"replies":[{"embeddable":true,"href":"https:\/\/www.mtv-in.de\/judo\/wp-json\/wp\/v2\/comments?post=663"}],"version-history":[{"count":5,"href":"https:\/\/www.mtv-in.de\/judo\/wp-json\/wp\/v2\/posts\/663\/revisions"}],"predecessor-version":[{"id":672,"href":"https:\/\/www.mtv-in.de\/judo\/wp-json\/wp\/v2\/posts\/663\/revisions\/672"}],"wp:attachment":[{"href":"https:\/\/www.mtv-in.de\/judo\/wp-json\/wp\/v2\/media?parent=663"}],"wp:term":[{"taxonomy":"category","embeddable":true,"href":"https:\/\/www.mtv-in.de\/judo\/wp-json\/wp\/v2\/categories?post=663"},{"taxonomy":"post_tag","embeddable":true,"href":"https:\/\/www.mtv-in.de\/judo\/wp-json\/wp\/v2\/tags?post=663"}],"curies":[{"name":"wp","href":"https:\/\/api.w.org\/{rel}","templated":true}]}}