{"id":743,"date":"2021-11-10T07:54:36","date_gmt":"2021-11-10T06:54:36","guid":{"rendered":"http:\/\/www.mtv-in.de\/judo\/?p=743"},"modified":"2025-07-26T10:08:30","modified_gmt":"2025-07-26T08:08:30","slug":"wieder-neue-corona-regeln-im-judo","status":"publish","type":"post","link":"https:\/\/www.mtv-in.de\/judo\/2021\/11\/wieder-neue-corona-regeln-im-judo\/","title":{"rendered":"+++ Wieder neue Corona Regeln im Judo +++"},"content":{"rendered":"<div class=\"\">\n<div class=\"_1mf _1mj\" style=\"text-align: center\">Hallo liebe Judo-Kids, liebe Eltern!<\/div>\n<\/div>\n<div class=\"\" style=\"text-align: center\">\n<div class=\"_1mf _1mj\">Die angespannte Lage verursacht st\u00e4ndige \u00c4nderungen der Corona-Regeln. Der heutige Stand ist: Kinder, die <strong>unter 12 Jahre<\/strong> alt sind, sowie Kinder und Jugendliche von <strong>12-18 Jahren<\/strong>, <strong>die regelm\u00e4\u00dfig in der Schule<\/strong> <strong>getestet<\/strong> werden, d\u00fcrfen zum Indoor-Training und damit zu <strong>uns ins Judo.<\/strong><\/div>\n<\/div>\n<div class=\"\" style=\"text-align: center\">\n<div class=\"_1mf _1mj\"><\/div>\n<\/div>\n<div class=\"\" style=\"text-align: center\">\n<div class=\"_1mf _1mj\">F\u00fcr Erwachsene, und damit auch f\u00fcr die zusehenden Eltern gilt nun die 2G- Regelung, d.h. nur genesene und geimpfte mit jeweiligem Nachweis d\u00fcrfen das Dojo betreten.<\/div>\n<\/div>\n<div class=\"\" style=\"text-align: center\">\n<div class=\"_1mf _1mj\"><\/div>\n<\/div>\n<div class=\"\" style=\"text-align: center\">\n<div class=\"_1mf _1mj\">Wir bitten Sie als Eltern daher nochmals, die Kinder nur noch kurz nach oben zu begleiten und m\u00f6glichst nicht <strong>die komplette Trainingszeit<\/strong> dabei zu bleiben, da wir durch die <strong>beengten Sitzm\u00f6glichkeiten<\/strong> auch keine <strong>geforderten Abst\u00e4nde<\/strong> einhalten k\u00f6nnen.<\/div>\n<\/div>\n<div class=\"\" style=\"text-align: center\">\n<div class=\"_1mf _1mj\">Vielen Dank f\u00fcr euer Verst\u00e4ndnis! Bis Freitag, bleibt alle gesund!<\/div>\n<\/div>\n<div class=\"\" style=\"text-align: center\">\n<div class=\"_1mf _1mj\"><\/div>\n<\/div>\n<div class=\"\">\n<div class=\"_1mf _1mj\" style=\"text-align: center\">Lisette, Reiner und Simone<\/div>\n<div class=\"_1mf _1mj\" style=\"text-align: center\"><\/div>\n<div class=\"_1mf _1mj\"><a href=\"https:\/\/www.mtv-in.de\/judo\/files\/2021\/11\/AdobeStock_334714635.jpeg\"><img loading=\"lazy\" decoding=\"async\" class=\"alignnone size-medium wp-image-744 aligncenter\" src=\"https:\/\/www.mtv-in.de\/judo\/files\/2021\/11\/AdobeStock_334714635-300x227.jpeg\" alt=\"\" width=\"300\" height=\"227\" srcset=\"https:\/\/www.mtv-in.de\/judo\/files\/2021\/11\/AdobeStock_334714635-300x227.jpeg 300w, https:\/\/www.mtv-in.de\/judo\/files\/2021\/11\/AdobeStock_334714635-768x580.jpeg 768w, https:\/\/www.mtv-in.de\/judo\/files\/2021\/11\/AdobeStock_334714635-1024x773.jpeg 1024w\" sizes=\"auto, (max-width: 300px) 100vw, 300px\" \/><\/a><\/div>\n<\/div>\n","protected":false},"excerpt":{"rendered":"<p>Hallo liebe Judo-Kids, liebe Eltern! Die angespannte Lage verursacht st\u00e4ndige \u00c4nderungen der Corona-Regeln. Der heutige Stand ist: Kinder, die unter 12 Jahre alt sind, sowie Kinder und Jugendliche von 12-18 Jahren, die regelm\u00e4\u00dfig in der Schule getestet werden, d\u00fcrfen zum &hellip; <a href=\"https:\/\/www.mtv-in.de\/judo\/2021\/11\/wieder-neue-corona-regeln-im-judo\/\">Continue reading <span class=\"meta-nav\">&rarr;<\/span><\/a><\/p>\n","protected":false},"author":331,"featured_media":0,"comment_status":"closed","ping_status":"closed","sticky":false,"template":"","format":"standard","meta":{"footnotes":""},"categories":[1],"tags":[],"class_list":["post-743","post","type-post","status-publish","format-standard","hentry","category-allgemein"],"_links":{"self":[{"href":"https:\/\/www.mtv-in.de\/judo\/wp-json\/wp\/v2\/posts\/743","targetHints":{"allow":["GET"]}}],"collection":[{"href":"https:\/\/www.mtv-in.de\/judo\/wp-json\/wp\/v2\/posts"}],"about":[{"href":"https:\/\/www.mtv-in.de\/judo\/wp-json\/wp\/v2\/types\/post"}],"author":[{"embeddable":true,"href":"https:\/\/www.mtv-in.de\/judo\/wp-json\/wp\/v2\/users\/331"}],"replies":[{"embeddable":true,"href":"https:\/\/www.mtv-in.de\/judo\/wp-json\/wp\/v2\/comments?post=743"}],"version-history":[{"count":3,"href":"https:\/\/www.mtv-in.de\/judo\/wp-json\/wp\/v2\/posts\/743\/revisions"}],"predecessor-version":[{"id":747,"href":"https:\/\/www.mtv-in.de\/judo\/wp-json\/wp\/v2\/posts\/743\/revisions\/747"}],"wp:attachment":[{"href":"https:\/\/www.mtv-in.de\/judo\/wp-json\/wp\/v2\/media?parent=743"}],"wp:term":[{"taxonomy":"category","embeddable":true,"href":"https:\/\/www.mtv-in.de\/judo\/wp-json\/wp\/v2\/categories?post=743"},{"taxonomy":"post_tag","embeddable":true,"href":"https:\/\/www.mtv-in.de\/judo\/wp-json\/wp\/v2\/tags?post=743"}],"curies":[{"name":"wp","href":"https:\/\/api.w.org\/{rel}","templated":true}]}}