{"id":767,"date":"2021-12-01T11:00:02","date_gmt":"2021-12-01T10:00:02","guid":{"rendered":"http:\/\/www.mtv-in.de\/judo\/?p=767"},"modified":"2025-07-26T10:08:05","modified_gmt":"2025-07-26T08:08:05","slug":"termin-vormerken-termin-vormerken-termin-vormerke","status":"publish","type":"post","link":"https:\/\/www.mtv-in.de\/judo\/2021\/12\/termin-vormerken-termin-vormerken-termin-vormerke\/","title":{"rendered":"++ Termin vormerken +++ Termin vormerken +++"},"content":{"rendered":"<div class=\"\">\n<div class=\"_1mf _1mj\" style=\"text-align: center\"><a href=\"https:\/\/www.mtv-in.de\/judo\/files\/2021\/12\/10.12.2021.jpg\"><img loading=\"lazy\" decoding=\"async\" class=\"alignnone size-medium wp-image-768\" src=\"https:\/\/www.mtv-in.de\/judo\/files\/2021\/12\/10.12.2021-300x113.jpg\" alt=\"\" width=\"300\" height=\"113\" srcset=\"https:\/\/www.mtv-in.de\/judo\/files\/2021\/12\/10.12.2021-300x113.jpg 300w, https:\/\/www.mtv-in.de\/judo\/files\/2021\/12\/10.12.2021-768x288.jpg 768w, https:\/\/www.mtv-in.de\/judo\/files\/2021\/12\/10.12.2021-1024x384.jpg 1024w\" sizes=\"auto, (max-width: 300px) 100vw, 300px\" \/><\/a><\/div>\n<div class=\"_1mf _1mj\" style=\"text-align: center\">Hallo liebe <strong>Judokinder des Anf\u00e4ngerkurses und der 18:00 Uhr Freitag-Gruppe<\/strong>,<\/div>\n<\/div>\n<div class=\"\" style=\"text-align: center\">\n<div class=\"_1mf _1mj\">so einfach lassen wir Euch nicht in die Weihnachtsferien gehen. Um Euch und Eure Familien zu sch\u00fctzen haben wir ja das Training Corona bedingt bis zu den Ferien eingestellt. Das hei\u00dft aber nicht, dass wir uns nun zur\u00fcckziehen und warten wie es weiter geht.<\/div>\n<\/div>\n<div class=\"\" style=\"text-align: center\"><\/div>\n<div class=\"\" style=\"text-align: center\">\n<div class=\"_1mf _1mj\">Wir sind im Hintergrund sehr aktiv und bereiten gerade ein kleines Treffen am <strong>10.12.2021 um 18:00<\/strong> Uhr vor. Genaueres teilen wir Euch mit, wenn wir wissen wie sich die Corona Bedingungen entwickeln.<\/div>\n<\/div>\n<div class=\"\" style=\"text-align: center\"><\/div>\n<div class=\"\">\n<div class=\"_1mf _1mj\" style=\"text-align: center\">Vielleicht nutzt ihr die Zeit ein wenig und schaut mal in Euer Begleitheft zur G\u00fcrtelpr\u00fcfung rein. Wenn Ihr uns ein Bild mit Eurem Lieblingswurf malen und zu unserem Treffen mitbringen w\u00fcrdet w\u00e4re das super! Wir freuen uns auf Euch, bis bald, Simone, Reiner und Lisette<\/div>\n<\/div>\n<div class=\"\"><\/div>\n<div class=\"\"><\/div>\n<div class=\"\"><\/div>\n","protected":false},"excerpt":{"rendered":"<p>Hallo liebe Judokinder des Anf\u00e4ngerkurses und der 18:00 Uhr Freitag-Gruppe, so einfach lassen wir Euch nicht in die Weihnachtsferien gehen. Um Euch und Eure Familien zu sch\u00fctzen haben wir ja das Training Corona bedingt bis zu den Ferien eingestellt. Das &hellip; <a href=\"https:\/\/www.mtv-in.de\/judo\/2021\/12\/termin-vormerken-termin-vormerken-termin-vormerke\/\">Continue reading <span class=\"meta-nav\">&rarr;<\/span><\/a><\/p>\n","protected":false},"author":331,"featured_media":0,"comment_status":"closed","ping_status":"closed","sticky":false,"template":"","format":"standard","meta":{"footnotes":""},"categories":[1],"tags":[],"class_list":["post-767","post","type-post","status-publish","format-standard","hentry","category-allgemein"],"_links":{"self":[{"href":"https:\/\/www.mtv-in.de\/judo\/wp-json\/wp\/v2\/posts\/767","targetHints":{"allow":["GET"]}}],"collection":[{"href":"https:\/\/www.mtv-in.de\/judo\/wp-json\/wp\/v2\/posts"}],"about":[{"href":"https:\/\/www.mtv-in.de\/judo\/wp-json\/wp\/v2\/types\/post"}],"author":[{"embeddable":true,"href":"https:\/\/www.mtv-in.de\/judo\/wp-json\/wp\/v2\/users\/331"}],"replies":[{"embeddable":true,"href":"https:\/\/www.mtv-in.de\/judo\/wp-json\/wp\/v2\/comments?post=767"}],"version-history":[{"count":4,"href":"https:\/\/www.mtv-in.de\/judo\/wp-json\/wp\/v2\/posts\/767\/revisions"}],"predecessor-version":[{"id":772,"href":"https:\/\/www.mtv-in.de\/judo\/wp-json\/wp\/v2\/posts\/767\/revisions\/772"}],"wp:attachment":[{"href":"https:\/\/www.mtv-in.de\/judo\/wp-json\/wp\/v2\/media?parent=767"}],"wp:term":[{"taxonomy":"category","embeddable":true,"href":"https:\/\/www.mtv-in.de\/judo\/wp-json\/wp\/v2\/categories?post=767"},{"taxonomy":"post_tag","embeddable":true,"href":"https:\/\/www.mtv-in.de\/judo\/wp-json\/wp\/v2\/tags?post=767"}],"curies":[{"name":"wp","href":"https:\/\/api.w.org\/{rel}","templated":true}]}}