{"id":862,"date":"2022-04-16T10:00:00","date_gmt":"2022-04-16T08:00:00","guid":{"rendered":"http:\/\/www.mtv-in.de\/judo\/?p=862"},"modified":"2025-07-26T10:05:26","modified_gmt":"2025-07-26T08:05:26","slug":"die-mtv-judo-abteilung-wuenscht-frohe-ostern-2022","status":"publish","type":"post","link":"https:\/\/www.mtv-in.de\/judo\/2022\/04\/die-mtv-judo-abteilung-wuenscht-frohe-ostern-2022\/","title":{"rendered":"+++ Die MTV Judo Abteilung w\u00fcnscht frohe Ostern 2022 +++"},"content":{"rendered":"<div class=\"\">\n<div class=\"_1mf _1mj\" style=\"text-align: center\">Wir w\u00fcnschen allen Mitgliedern des MTV Ingolstadt, unseren j\u00fcngsten Judo Kindern und allen Freunden und Bekannten des Judosport, ein sch\u00f6nes, sonniges und erholsames Osterfest 2022.<\/div>\n<\/div>\n<div class=\"_1mf _1mj\" style=\"text-align: center\">\n<p><a href=\"https:\/\/www.mtv-in.de\/judo\/files\/2022\/04\/AdobeStock_142779554.jpeg\"><img loading=\"lazy\" decoding=\"async\" class=\"size-medium wp-image-863\" src=\"https:\/\/www.mtv-in.de\/judo\/files\/2022\/04\/AdobeStock_142779554-300x200.jpeg\" alt=\"\" width=\"300\" height=\"200\" srcset=\"https:\/\/www.mtv-in.de\/judo\/files\/2022\/04\/AdobeStock_142779554-300x200.jpeg 300w, https:\/\/www.mtv-in.de\/judo\/files\/2022\/04\/AdobeStock_142779554-768x512.jpeg 768w, https:\/\/www.mtv-in.de\/judo\/files\/2022\/04\/AdobeStock_142779554-1024x683.jpeg 1024w\" sizes=\"auto, (max-width: 300px) 100vw, 300px\" \/><\/a><\/p>\n<\/div>\n","protected":false},"excerpt":{"rendered":"<p>Wir w\u00fcnschen allen Mitgliedern des MTV Ingolstadt, unseren j\u00fcngsten Judo Kindern und allen Freunden und Bekannten des Judosport, ein sch\u00f6nes, sonniges und erholsames Osterfest 2022.<\/p>\n","protected":false},"author":331,"featured_media":0,"comment_status":"closed","ping_status":"closed","sticky":false,"template":"","format":"standard","meta":{"footnotes":""},"categories":[1],"tags":[],"class_list":["post-862","post","type-post","status-publish","format-standard","hentry","category-allgemein"],"_links":{"self":[{"href":"https:\/\/www.mtv-in.de\/judo\/wp-json\/wp\/v2\/posts\/862","targetHints":{"allow":["GET"]}}],"collection":[{"href":"https:\/\/www.mtv-in.de\/judo\/wp-json\/wp\/v2\/posts"}],"about":[{"href":"https:\/\/www.mtv-in.de\/judo\/wp-json\/wp\/v2\/types\/post"}],"author":[{"embeddable":true,"href":"https:\/\/www.mtv-in.de\/judo\/wp-json\/wp\/v2\/users\/331"}],"replies":[{"embeddable":true,"href":"https:\/\/www.mtv-in.de\/judo\/wp-json\/wp\/v2\/comments?post=862"}],"version-history":[{"count":2,"href":"https:\/\/www.mtv-in.de\/judo\/wp-json\/wp\/v2\/posts\/862\/revisions"}],"predecessor-version":[{"id":865,"href":"https:\/\/www.mtv-in.de\/judo\/wp-json\/wp\/v2\/posts\/862\/revisions\/865"}],"wp:attachment":[{"href":"https:\/\/www.mtv-in.de\/judo\/wp-json\/wp\/v2\/media?parent=862"}],"wp:term":[{"taxonomy":"category","embeddable":true,"href":"https:\/\/www.mtv-in.de\/judo\/wp-json\/wp\/v2\/categories?post=862"},{"taxonomy":"post_tag","embeddable":true,"href":"https:\/\/www.mtv-in.de\/judo\/wp-json\/wp\/v2\/tags?post=862"}],"curies":[{"name":"wp","href":"https:\/\/api.w.org\/{rel}","templated":true}]}}