{"id":866,"date":"2022-04-16T18:28:38","date_gmt":"2022-04-16T16:28:38","guid":{"rendered":"http:\/\/www.mtv-in.de\/judo\/?p=866"},"modified":"2025-07-26T10:05:03","modified_gmt":"2025-07-26T08:05:03","slug":"osterurlaub-habt-ihr-heute-zeit-fuer-einen-rueckblick","status":"publish","type":"post","link":"https:\/\/www.mtv-in.de\/judo\/2022\/04\/osterurlaub-habt-ihr-heute-zeit-fuer-einen-rueckblick\/","title":{"rendered":"+++ Osterurlaub, habt Ihr heute Zeit f\u00fcr einen R\u00fcckblick? +++"},"content":{"rendered":"<div class=\"\">\n<div class=\"_1mf _1mj\" style=\"text-align: center\">Eigentlich wollten wir Euch nur einen kleinen R\u00fcckblick \u00fcber unserer Judo Abteilung geben. Aber&#8230; in den letzten 20 Jahr MTV Judo gab es so viele sch\u00f6ne Erlebnisse, wo soll man da anfangen und wo aufh\u00f6ren? Wir hoffen, dass Euch unser kleines Video gef\u00e4llt und freuen uns auf weitere gemeinsamen Zeit und vielen positiven Erlebnisse mit Euch.<\/div>\n<div class=\"_1mf _1mj\" style=\"text-align: center\"><\/div>\n<\/div>\n<div class=\"_1mf _1mj\" style=\"text-align: center\">Leider ist das Video zu gro\u00df f\u00fcr diese Seite aber hier gibt es einen Link zu Facebook \ud83d\ude42<\/div>\n<div class=\"_1mf _1mj\" style=\"text-align: center\">\u00a0<a href=\"https:\/\/fb.watch\/cqFWahsa2F\/\">https:\/\/fb.watch\/cqFWahsa2F\/<\/a><\/div>\n<div class=\"_1mf _1mj\" style=\"text-align: center\"><\/div>\n<div class=\"_1mf _1mj\" style=\"text-align: center\"><\/div>\n<div class=\"_1mf _1mj\" style=\"text-align: center\">\u00a0<a href=\"https:\/\/www.mtv-in.de\/judo\/files\/2022\/04\/Mtv_logo.gif\"><img loading=\"lazy\" decoding=\"async\" class=\"alignnone size-medium wp-image-868\" src=\"https:\/\/www.mtv-in.de\/judo\/files\/2022\/04\/Mtv_logo-300x300.gif\" alt=\"\" width=\"300\" height=\"300\" srcset=\"https:\/\/www.mtv-in.de\/judo\/files\/2022\/04\/Mtv_logo-300x300.gif 300w, https:\/\/www.mtv-in.de\/judo\/files\/2022\/04\/Mtv_logo-150x150.gif 150w\" sizes=\"auto, (max-width: 300px) 100vw, 300px\" \/><\/a><\/div>\n<div class=\"_1mf _1mj\" style=\"text-align: center\"><a href=\"https:\/\/fb.watch\/cqFKbXNmRy\/\">\u00a0<\/a><\/div>\n","protected":false},"excerpt":{"rendered":"<p>Eigentlich wollten wir Euch nur einen kleinen R\u00fcckblick \u00fcber unserer Judo Abteilung geben. Aber&#8230; in den letzten 20 Jahr MTV Judo gab es so viele sch\u00f6ne Erlebnisse, wo soll man da anfangen und wo aufh\u00f6ren? Wir hoffen, dass Euch unser &hellip; <a href=\"https:\/\/www.mtv-in.de\/judo\/2022\/04\/osterurlaub-habt-ihr-heute-zeit-fuer-einen-rueckblick\/\">Continue reading <span class=\"meta-nav\">&rarr;<\/span><\/a><\/p>\n","protected":false},"author":331,"featured_media":0,"comment_status":"closed","ping_status":"closed","sticky":false,"template":"","format":"link","meta":{"footnotes":""},"categories":[1],"tags":[],"class_list":["post-866","post","type-post","status-publish","format-link","hentry","category-allgemein","post_format-post-format-link"],"_links":{"self":[{"href":"https:\/\/www.mtv-in.de\/judo\/wp-json\/wp\/v2\/posts\/866","targetHints":{"allow":["GET"]}}],"collection":[{"href":"https:\/\/www.mtv-in.de\/judo\/wp-json\/wp\/v2\/posts"}],"about":[{"href":"https:\/\/www.mtv-in.de\/judo\/wp-json\/wp\/v2\/types\/post"}],"author":[{"embeddable":true,"href":"https:\/\/www.mtv-in.de\/judo\/wp-json\/wp\/v2\/users\/331"}],"replies":[{"embeddable":true,"href":"https:\/\/www.mtv-in.de\/judo\/wp-json\/wp\/v2\/comments?post=866"}],"version-history":[{"count":4,"href":"https:\/\/www.mtv-in.de\/judo\/wp-json\/wp\/v2\/posts\/866\/revisions"}],"predecessor-version":[{"id":872,"href":"https:\/\/www.mtv-in.de\/judo\/wp-json\/wp\/v2\/posts\/866\/revisions\/872"}],"wp:attachment":[{"href":"https:\/\/www.mtv-in.de\/judo\/wp-json\/wp\/v2\/media?parent=866"}],"wp:term":[{"taxonomy":"category","embeddable":true,"href":"https:\/\/www.mtv-in.de\/judo\/wp-json\/wp\/v2\/categories?post=866"},{"taxonomy":"post_tag","embeddable":true,"href":"https:\/\/www.mtv-in.de\/judo\/wp-json\/wp\/v2\/tags?post=866"}],"curies":[{"name":"wp","href":"https:\/\/api.w.org\/{rel}","templated":true}]}}